{"id":144,"date":"2022-04-23T03:14:19","date_gmt":"2022-04-23T03:14:19","guid":{"rendered":"http:\/\/pilotostotal.com.ar\/web\/?p=144"},"modified":"2022-04-23T03:20:55","modified_gmt":"2022-04-23T03:20:55","slug":"formula-1-grand-prix-de-emilia-romagna-2022","status":"publish","type":"post","link":"https:\/\/pilotostotal.com.ar\/web\/formula-1-grand-prix-de-emilia-romagna-2022\/","title":{"rendered":"F\u00f3rmula 1: Grand Prix de Emilia Romagna 2022"},"content":{"rendered":"\n<p><strong>Max Verstappen<\/strong> de <strong>Red Bull <\/strong>fue el m\u00e1s r\u00e1pido en una calificaci\u00f3n interrumpida en Imola, celebrada el viernes por la tarde ya que este es un fin de semana de Sprint, con su tiempo de pole establecido con el neum\u00e1tico intermedio Cinturato Green. Los nuevos neum\u00e1ticos para clima h\u00famedo Cinturato Green y Cinturato Blue de 18 pulgadas se usaron hoy por primera vez durante un fin de semana de carreras.<\/p>\n\n\n\n<figure class=\"wp-block-image size-full is-resized\"><a href=\"http:\/\/pilotostotal.com.ar\/web\/wp-content\/uploads\/2022\/04\/2022-04-22-pilotostotal-formula1-imola-maxverstapen-redbull.jpg\"><img loading=\"lazy\" decoding=\"async\" src=\"http:\/\/pilotostotal.com.ar\/web\/wp-content\/uploads\/2022\/04\/2022-04-22-pilotostotal-formula1-imola-maxverstapen-redbull.jpg\" alt=\"\" class=\"wp-image-145\" width=\"840\" height=\"458\" srcset=\"https:\/\/pilotostotal.com.ar\/web\/wp-content\/uploads\/2022\/04\/2022-04-22-pilotostotal-formula1-imola-maxverstapen-redbull.jpg 499w, https:\/\/pilotostotal.com.ar\/web\/wp-content\/uploads\/2022\/04\/2022-04-22-pilotostotal-formula1-imola-maxverstapen-redbull-300x164.jpg 300w\" sizes=\"auto, (max-width: 840px) 100vw, 840px\" \/><\/a><\/figure>\n\n\n\n<p><br>La calificaci\u00f3n, que cont\u00f3 con al menos una bandera roja en cada una de las sesiones, estuvo precedida por solo una hora de pr\u00e1ctica libre esta tarde, que destac\u00f3 por el l\u00edder del campeonato de Ferrari, Charles Leclerc, en la carrera en casa de la Scuderia. Leclerc se alinea segundo detr\u00e1s de Verstappen para el Sprint de ma\u00f1ana.\u00a0<br><br><br><\/p>\n\n\n\n<figure class=\"wp-block-gallery columns-2 is-cropped wp-block-gallery-1 is-layout-flex wp-block-gallery-is-layout-flex\"><ul class=\"blocks-gallery-grid\"><li class=\"blocks-gallery-item\"><figure><a href=\"http:\/\/pilotostotal.com.ar\/web\/wp-content\/uploads\/2022\/04\/2022-04-22-pilotostotal-formula1-imola-charlesleclerc-ferrari.jpg\"><img loading=\"lazy\" decoding=\"async\" width=\"800\" height=\"533\" src=\"http:\/\/pilotostotal.com.ar\/web\/wp-content\/uploads\/2022\/04\/2022-04-22-pilotostotal-formula1-imola-charlesleclerc-ferrari.jpg\" alt=\"\" data-id=\"150\" data-full-url=\"http:\/\/pilotostotal.com.ar\/web\/wp-content\/uploads\/2022\/04\/2022-04-22-pilotostotal-formula1-imola-charlesleclerc-ferrari.jpg\" data-link=\"http:\/\/pilotostotal.com.ar\/web\/formula-1-grand-prix-de-emilia-romagna-2022\/2022-04-22-pilotostotal-formula1-imola-charlesleclerc-ferrari\/\" class=\"wp-image-150\" srcset=\"https:\/\/pilotostotal.com.ar\/web\/wp-content\/uploads\/2022\/04\/2022-04-22-pilotostotal-formula1-imola-charlesleclerc-ferrari.jpg 800w, https:\/\/pilotostotal.com.ar\/web\/wp-content\/uploads\/2022\/04\/2022-04-22-pilotostotal-formula1-imola-charlesleclerc-ferrari-300x200.jpg 300w, https:\/\/pilotostotal.com.ar\/web\/wp-content\/uploads\/2022\/04\/2022-04-22-pilotostotal-formula1-imola-charlesleclerc-ferrari-768x512.jpg 768w\" sizes=\"auto, (max-width: 800px) 100vw, 800px\" \/><\/a><\/figure><\/li><li class=\"blocks-gallery-item\"><figure><a href=\"http:\/\/pilotostotal.com.ar\/web\/wp-content\/uploads\/2022\/04\/2022-04-22-pilotostotal-formula1-imola-charlesleclerc-ferrari-02.jpg\"><img loading=\"lazy\" decoding=\"async\" width=\"800\" height=\"533\" src=\"http:\/\/pilotostotal.com.ar\/web\/wp-content\/uploads\/2022\/04\/2022-04-22-pilotostotal-formula1-imola-charlesleclerc-ferrari-02.jpg\" alt=\"\" data-id=\"151\" data-full-url=\"http:\/\/pilotostotal.com.ar\/web\/wp-content\/uploads\/2022\/04\/2022-04-22-pilotostotal-formula1-imola-charlesleclerc-ferrari-02.jpg\" data-link=\"http:\/\/pilotostotal.com.ar\/web\/formula-1-grand-prix-de-emilia-romagna-2022\/2022-04-22-pilotostotal-formula1-imola-charlesleclerc-ferrari-02\/\" class=\"wp-image-151\" srcset=\"https:\/\/pilotostotal.com.ar\/web\/wp-content\/uploads\/2022\/04\/2022-04-22-pilotostotal-formula1-imola-charlesleclerc-ferrari-02.jpg 800w, https:\/\/pilotostotal.com.ar\/web\/wp-content\/uploads\/2022\/04\/2022-04-22-pilotostotal-formula1-imola-charlesleclerc-ferrari-02-300x200.jpg 300w, https:\/\/pilotostotal.com.ar\/web\/wp-content\/uploads\/2022\/04\/2022-04-22-pilotostotal-formula1-imola-charlesleclerc-ferrari-02-768x512.jpg 768w\" sizes=\"auto, (max-width: 800px) 100vw, 800px\" \/><\/a><\/figure><\/li><\/ul><\/figure>\n\n\n\n<p>Las condiciones fueron frescas y h\u00famedas durante todo el d\u00eda, y la calificaci\u00f3n comenz\u00f3 con una temperatura ambiente de 12 grados y 14 grados en la pista. Los entrenamientos libres fueron completamente mojados, con los neum\u00e1ticos de lluvia completos utilizados al comienzo de la sesi\u00f3n, mientras que la lluvia se detuvo a tiempo para el inicio de la calificaci\u00f3n, con algunos pilotos usando los neum\u00e1ticos blandos P Zero Red de la Q1 (mientras que otros comenzaron con el intermedio). La lluvia volvi\u00f3 a caer antes del inicio de la Q3, lo que signific\u00f3 que la tanda de penaltis entre los 10 primeros se llev\u00f3 a cabo por completo en el intermedio.&nbsp;<br><br>Verstappen recibi\u00f3 el premio Pirelli Pole Position, el primero de este a\u00f1o y el 14 de su carrera, de manos del director ejecutivo de F\u00f3rmula 1, Stefano Domenicali. Imola es la ciudad natal de Domenicali, quien anteriormente fue director de equipo de Ferrari y director ejecutivo de Lamborghini antes de asumir el cargo m\u00e1s alto en la F\u00f3rmula 1.<br><\/p>\n\n\n\n<p>Con la acci\u00f3n de hoy mayormente mojada y con solo una carrera con compuesto liso, es imposible obtener una lectura de las diferencias de rendimiento entre todos los neum\u00e1ticos.\u00a0<br><br><br><\/p>\n\n\n\n<figure class=\"wp-block-image size-full is-resized\"><a href=\"http:\/\/pilotostotal.com.ar\/web\/wp-content\/uploads\/2022\/04\/2022-04-22-pilotostotal-formula1-imola-pirelli.jpg\"><img loading=\"lazy\" decoding=\"async\" src=\"http:\/\/pilotostotal.com.ar\/web\/wp-content\/uploads\/2022\/04\/2022-04-22-pilotostotal-formula1-imola-pirelli.jpg\" alt=\"\" class=\"wp-image-148\" width=\"840\" height=\"473\" srcset=\"https:\/\/pilotostotal.com.ar\/web\/wp-content\/uploads\/2022\/04\/2022-04-22-pilotostotal-formula1-imola-pirelli.jpg 800w, https:\/\/pilotostotal.com.ar\/web\/wp-content\/uploads\/2022\/04\/2022-04-22-pilotostotal-formula1-imola-pirelli-300x169.jpg 300w, https:\/\/pilotostotal.com.ar\/web\/wp-content\/uploads\/2022\/04\/2022-04-22-pilotostotal-formula1-imola-pirelli-768x432.jpg 768w\" sizes=\"auto, (max-width: 840px) 100vw, 840px\" \/><\/a><\/figure>\n","protected":false},"excerpt":{"rendered":"<p>Max Verstappen de Red Bull fue el m\u00e1s r\u00e1pido en una calificaci\u00f3n interrumpida en Imola,&#8230;<\/p>\n","protected":false},"author":3,"featured_media":146,"comment_status":"open","ping_status":"open","sticky":false,"template":"","format":"standard","meta":{"_monsterinsights_skip_tracking":false,"_monsterinsights_sitenote_active":false,"_monsterinsights_sitenote_note":"","_monsterinsights_sitenote_category":0,"footnotes":""},"categories":[11],"tags":[],"class_list":["post-144","post","type-post","status-publish","format-standard","has-post-thumbnail","hentry","category-formula-1"],"aioseo_notices":[],"_links":{"self":[{"href":"https:\/\/pilotostotal.com.ar\/web\/wp-json\/wp\/v2\/posts\/144","targetHints":{"allow":["GET"]}}],"collection":[{"href":"https:\/\/pilotostotal.com.ar\/web\/wp-json\/wp\/v2\/posts"}],"about":[{"href":"https:\/\/pilotostotal.com.ar\/web\/wp-json\/wp\/v2\/types\/post"}],"author":[{"embeddable":true,"href":"https:\/\/pilotostotal.com.ar\/web\/wp-json\/wp\/v2\/users\/3"}],"replies":[{"embeddable":true,"href":"https:\/\/pilotostotal.com.ar\/web\/wp-json\/wp\/v2\/comments?post=144"}],"version-history":[{"count":2,"href":"https:\/\/pilotostotal.com.ar\/web\/wp-json\/wp\/v2\/posts\/144\/revisions"}],"predecessor-version":[{"id":152,"href":"https:\/\/pilotostotal.com.ar\/web\/wp-json\/wp\/v2\/posts\/144\/revisions\/152"}],"wp:featuredmedia":[{"embeddable":true,"href":"https:\/\/pilotostotal.com.ar\/web\/wp-json\/wp\/v2\/media\/146"}],"wp:attachment":[{"href":"https:\/\/pilotostotal.com.ar\/web\/wp-json\/wp\/v2\/media?parent=144"}],"wp:term":[{"taxonomy":"category","embeddable":true,"href":"https:\/\/pilotostotal.com.ar\/web\/wp-json\/wp\/v2\/categories?post=144"},{"taxonomy":"post_tag","embeddable":true,"href":"https:\/\/pilotostotal.com.ar\/web\/wp-json\/wp\/v2\/tags?post=144"}],"curies":[{"name":"wp","href":"https:\/\/api.w.org\/{rel}","templated":true}]}}