{"id":286,"date":"2022-05-09T23:54:28","date_gmt":"2022-05-09T23:54:28","guid":{"rendered":"http:\/\/pilotostotal.com.ar\/web\/?p=286"},"modified":"2022-05-22T17:29:11","modified_gmt":"2022-05-22T17:29:11","slug":"santiago-mangoni-en-lo-mas-alto","status":"publish","type":"post","link":"https:\/\/pilotostotal.com.ar\/web\/santiago-mangoni-en-lo-mas-alto\/","title":{"rendered":"TC: Mangoni en lo m\u00e1s alto del podio y del campeonato"},"content":{"rendered":"\n<p>El piloto de Balcarce, Santiago Mangoni con Chevrolet del JP Carrera, gan\u00f3 la final del Turismo Carretera en el Gran Premio de Termas de R\u00edo Hondo y qued\u00f3 en lo m\u00e1s alto del campeonato. Completaron el podio, Christian Ledesma con el Chevrolet del equipo Las Toscas Racing, y tercero lleg\u00f3 Mat\u00edas Rossi con el pol\u00e9mico Toyota Camry.<\/p>\n\n\n\n<p>Agust\u00edn Canapino expres\u00f3 por radio:<strong> \u00abSi yo tuviera ese auto \u00bfSabes qu\u00e9?, que verg\u00fcenza, es una verg\u00fcenza lo que hicieron con el Toyota, viene jugando, se viene divirtiendo\u00bb<\/strong>.<\/p>\n\n\n\n<p>Recordemos que desde las primeras fechas el nuevo modelo tuvo la posibilidad de contar con un reglamento abierto respecto a su aerodin\u00e1mica, y adem\u00e1s la incorporaci\u00f3n de esta quinta marca es muy cuestionada por el p\u00fablico.<\/p>\n\n\n\n<p><\/p>\n\n\n\n<figure class=\"wp-block-image size-large\"><a href=\"http:\/\/pilotostotal.com.ar\/web\/wp-content\/uploads\/2022\/05\/SAVE_20220509_203916.jpg\"><img loading=\"lazy\" decoding=\"async\" width=\"1024\" height=\"683\" src=\"http:\/\/pilotostotal.com.ar\/web\/wp-content\/uploads\/2022\/05\/SAVE_20220509_203916-1024x683.jpg\" alt=\"\" class=\"wp-image-288\" srcset=\"https:\/\/pilotostotal.com.ar\/web\/wp-content\/uploads\/2022\/05\/SAVE_20220509_203916-1024x683.jpg 1024w, https:\/\/pilotostotal.com.ar\/web\/wp-content\/uploads\/2022\/05\/SAVE_20220509_203916-300x200.jpg 300w, https:\/\/pilotostotal.com.ar\/web\/wp-content\/uploads\/2022\/05\/SAVE_20220509_203916-768x512.jpg 768w, https:\/\/pilotostotal.com.ar\/web\/wp-content\/uploads\/2022\/05\/SAVE_20220509_203916.jpg 1500w\" sizes=\"auto, (max-width: 1024px) 100vw, 1024px\" \/><\/a><\/figure>\n\n\n\n<p>Santiago Mangoni le gan\u00f3 en la largada a Cristian Ledesma. Desde la segunda fila Manu Urcera con la Dodge del Maquin Parts se defendi\u00f3 bien ante la presi\u00f3n de Marcelo Agrelo (su compa\u00f1ero de equipo). Detr\u00e1s de ellos, en la pelea por la quinta colocaci\u00f3n, Mat\u00edas Rossi (Toyota) y Agust\u00edn Canapino (Chevrolet) dieron un gran espect\u00e1culo en los primeros giros.<\/p>\n\n\n\n<p>El andar de  Mat\u00edas Rossi con su nuevo Toyota Camry demostrando un inesperado rendimiento, en tan pocas carreras desde su presentaci\u00f3n, provocaron una nueva pol\u00e9mica en la categor\u00eda. <\/p>\n\n\n\n<p>Durante la vuelta 10, Rossi y Canapino superaron a Marcelo Agrelo, el poleman del s\u00e1bado, para quedar cuarto y quinto respectivamente.<\/p>\n\n\n\n<p>En la vuelta 18 se produjo el abandono de Agrelo, mientras Rossi y Canapino dieron cuenta de Urcera para trepar al tercer y cuarto puesto. Detr\u00e1s del rionegrino aparecieron, r\u00e1pidamente, Jonatan Castellano (Dodge) y Gast\u00f3n Mazzacane (Chevrolet).<\/p>\n\n\n\n<p>Hacia las \u00faltimas vuetas, Santiago Mangoni continuaba c\u00f3modo en punta y con gran contundencia logr\u00f3 el triunfo logrando tambi\u00e9n la posici\u00f3n de privilegio el lo que va del campeonato con 182,5 puntos. <\/p>\n\n\n\n<p>Christian Ledesma retorn\u00f3 al podio con el Chevrolet de Las Toscas Racing tras un gran fin de semana. Y Mat\u00edas Rossi conquist\u00f3 su primer podio con el raro y pol\u00e9mico Toyota Camry del equipo Toyota Gazoo Racing.<\/p>\n\n\n\n<p>Los diez primeros puestos los completaron: Canapino, Castellano, Mazzacane, Ciantini, Urcera, Werner y Santero. Fue muy buena la tarea de Todino que, finalmente, arrib\u00f3 17\u00b0.<\/p>\n\n\n\n<p>Canapino trep\u00f3 al segundo escalaf\u00f3n del certamen y qued\u00f3 a tan solo cuatro puntos del l\u00edder. Todino y Benvenuti marchan tercero y cuarto, respectivamente.<\/p>\n\n\n\n<p>La pr\u00f3xima carrera ser\u00e1 el fin de semana del 28 y 29 de mayo en el Aut\u00f3dromo Ciudad de Rafaela.<\/p>\n","protected":false},"excerpt":{"rendered":"<p>Triunfo contundente de Santiago Mangoni. Magia intacta de Ledesma. Rossi con pol\u00e9mico rendimiento.<\/p>\n","protected":false},"author":3,"featured_media":287,"comment_status":"closed","ping_status":"closed","sticky":false,"template":"","format":"standard","meta":{"_monsterinsights_skip_tracking":false,"_monsterinsights_sitenote_active":false,"_monsterinsights_sitenote_note":"","_monsterinsights_sitenote_category":0,"footnotes":""},"categories":[14],"tags":[],"class_list":["post-286","post","type-post","status-publish","format-standard","has-post-thumbnail","hentry","category-turismocarretera"],"aioseo_notices":[],"_links":{"self":[{"href":"https:\/\/pilotostotal.com.ar\/web\/wp-json\/wp\/v2\/posts\/286","targetHints":{"allow":["GET"]}}],"collection":[{"href":"https:\/\/pilotostotal.com.ar\/web\/wp-json\/wp\/v2\/posts"}],"about":[{"href":"https:\/\/pilotostotal.com.ar\/web\/wp-json\/wp\/v2\/types\/post"}],"author":[{"embeddable":true,"href":"https:\/\/pilotostotal.com.ar\/web\/wp-json\/wp\/v2\/users\/3"}],"replies":[{"embeddable":true,"href":"https:\/\/pilotostotal.com.ar\/web\/wp-json\/wp\/v2\/comments?post=286"}],"version-history":[{"count":17,"href":"https:\/\/pilotostotal.com.ar\/web\/wp-json\/wp\/v2\/posts\/286\/revisions"}],"predecessor-version":[{"id":354,"href":"https:\/\/pilotostotal.com.ar\/web\/wp-json\/wp\/v2\/posts\/286\/revisions\/354"}],"wp:featuredmedia":[{"embeddable":true,"href":"https:\/\/pilotostotal.com.ar\/web\/wp-json\/wp\/v2\/media\/287"}],"wp:attachment":[{"href":"https:\/\/pilotostotal.com.ar\/web\/wp-json\/wp\/v2\/media?parent=286"}],"wp:term":[{"taxonomy":"category","embeddable":true,"href":"https:\/\/pilotostotal.com.ar\/web\/wp-json\/wp\/v2\/categories?post=286"},{"taxonomy":"post_tag","embeddable":true,"href":"https:\/\/pilotostotal.com.ar\/web\/wp-json\/wp\/v2\/tags?post=286"}],"curies":[{"name":"wp","href":"https:\/\/api.w.org\/{rel}","templated":true}]}}