{"id":31,"date":"2022-03-19T15:54:49","date_gmt":"2022-03-19T15:54:49","guid":{"rendered":"http:\/\/pilotostotal.com.ar\/web\/?p=31"},"modified":"2022-03-19T15:54:50","modified_gmt":"2022-03-19T15:54:50","slug":"nuevo-safety-car-y-medical-car-en-la-formula-1-2022","status":"publish","type":"post","link":"https:\/\/pilotostotal.com.ar\/web\/nuevo-safety-car-y-medical-car-en-la-formula-1-2022\/","title":{"rendered":"Nuevo Safety Car y Medical Car en la F\u00f3rmula 1 2022"},"content":{"rendered":"\n<p>Los modelos elegidos para esta temporada son el Mercedes-AMG GT Black Series como \u201cSafety Car\u201d, mientras que el Mercedes\u2011AMG GT 63 S 4MATIC+ hace su debut como \u201cMedical Car\u201d oficial de F1, el cual es el auto m\u00e9dico m\u00e1s veloz de toda la historia de la F\u00f3rmula 1.<br><\/p>\n\n\n\n<figure class=\"wp-block-gallery columns-3 is-cropped wp-block-gallery-1 is-layout-flex wp-block-gallery-is-layout-flex\"><ul class=\"blocks-gallery-grid\"><li class=\"blocks-gallery-item\"><figure><a href=\"http:\/\/pilotostotal.com.ar\/web\/wp-content\/uploads\/2022\/03\/Los-nuevos-Mercedes-AMG-Safety-Car-y-Medical-Car-de-la-Formula-1-1.jpg\"><img loading=\"lazy\" decoding=\"async\" width=\"1024\" height=\"683\" src=\"http:\/\/pilotostotal.com.ar\/web\/wp-content\/uploads\/2022\/03\/Los-nuevos-Mercedes-AMG-Safety-Car-y-Medical-Car-de-la-Formula-1-1-1024x683.jpg\" alt=\"\" data-id=\"34\" data-full-url=\"http:\/\/pilotostotal.com.ar\/web\/wp-content\/uploads\/2022\/03\/Los-nuevos-Mercedes-AMG-Safety-Car-y-Medical-Car-de-la-Formula-1-1.jpg\" data-link=\"http:\/\/pilotostotal.com.ar\/web\/?attachment_id=34\" class=\"wp-image-34\" srcset=\"https:\/\/pilotostotal.com.ar\/web\/wp-content\/uploads\/2022\/03\/Los-nuevos-Mercedes-AMG-Safety-Car-y-Medical-Car-de-la-Formula-1-1-1024x683.jpg 1024w, https:\/\/pilotostotal.com.ar\/web\/wp-content\/uploads\/2022\/03\/Los-nuevos-Mercedes-AMG-Safety-Car-y-Medical-Car-de-la-Formula-1-1-300x200.jpg 300w, https:\/\/pilotostotal.com.ar\/web\/wp-content\/uploads\/2022\/03\/Los-nuevos-Mercedes-AMG-Safety-Car-y-Medical-Car-de-la-Formula-1-1-768x512.jpg 768w, https:\/\/pilotostotal.com.ar\/web\/wp-content\/uploads\/2022\/03\/Los-nuevos-Mercedes-AMG-Safety-Car-y-Medical-Car-de-la-Formula-1-1-1536x1024.jpg 1536w, https:\/\/pilotostotal.com.ar\/web\/wp-content\/uploads\/2022\/03\/Los-nuevos-Mercedes-AMG-Safety-Car-y-Medical-Car-de-la-Formula-1-1-2048x1365.jpg 2048w\" sizes=\"auto, (max-width: 1024px) 100vw, 1024px\" \/><\/a><figcaption class=\"blocks-gallery-item__caption\">Neues Official FIA F1 Safety Car&#x2122; und Medical Car&#x2122; von Mercedes-AMG f\u00fcr die FIA Formel 1&#x2122; | Mercedes-AMG GT Black Series (Kraftstoffverbrauch kombiniert 12,8 l\/100 km, CO2-Emissionen kombiniert 292 g\/km);Kraftstoffverbrauch kombiniert 12,8 l\/100 km, CO2-Emissionen kombiniert 292 g\/km*\r\rNew Official FIA Safety Car&#x2122; and Medical Car&#x2122; from Mercedes-AMG for FIA Formula 1&#x2122; | Mercedes-AMG GT Black Series (fuel consumption combined: 12.8 l\/100 km, CO2 emissions combined: 292 g\/km);Fuel consumption combined: 12.8 l\/100 km, CO2 emissions combined: 292 g\/km*<\/figcaption><\/figure><\/li><li class=\"blocks-gallery-item\"><figure><a href=\"http:\/\/pilotostotal.com.ar\/web\/wp-content\/uploads\/2022\/03\/Los-nuevos-Mercedes-AMG-Safety-Car-y-Medical-Car-de-la-Formula-1-3.jpg\"><img loading=\"lazy\" decoding=\"async\" width=\"1024\" height=\"683\" src=\"http:\/\/pilotostotal.com.ar\/web\/wp-content\/uploads\/2022\/03\/Los-nuevos-Mercedes-AMG-Safety-Car-y-Medical-Car-de-la-Formula-1-3-1024x683.jpg\" alt=\"\" data-id=\"35\" data-full-url=\"http:\/\/pilotostotal.com.ar\/web\/wp-content\/uploads\/2022\/03\/Los-nuevos-Mercedes-AMG-Safety-Car-y-Medical-Car-de-la-Formula-1-3.jpg\" data-link=\"http:\/\/pilotostotal.com.ar\/web\/?attachment_id=35\" class=\"wp-image-35\" srcset=\"https:\/\/pilotostotal.com.ar\/web\/wp-content\/uploads\/2022\/03\/Los-nuevos-Mercedes-AMG-Safety-Car-y-Medical-Car-de-la-Formula-1-3-1024x683.jpg 1024w, https:\/\/pilotostotal.com.ar\/web\/wp-content\/uploads\/2022\/03\/Los-nuevos-Mercedes-AMG-Safety-Car-y-Medical-Car-de-la-Formula-1-3-300x200.jpg 300w, https:\/\/pilotostotal.com.ar\/web\/wp-content\/uploads\/2022\/03\/Los-nuevos-Mercedes-AMG-Safety-Car-y-Medical-Car-de-la-Formula-1-3-768x512.jpg 768w, https:\/\/pilotostotal.com.ar\/web\/wp-content\/uploads\/2022\/03\/Los-nuevos-Mercedes-AMG-Safety-Car-y-Medical-Car-de-la-Formula-1-3-1536x1024.jpg 1536w, https:\/\/pilotostotal.com.ar\/web\/wp-content\/uploads\/2022\/03\/Los-nuevos-Mercedes-AMG-Safety-Car-y-Medical-Car-de-la-Formula-1-3-2048x1365.jpg 2048w\" sizes=\"auto, (max-width: 1024px) 100vw, 1024px\" \/><\/a><figcaption class=\"blocks-gallery-item__caption\">Neues Official FIA F1 Safety Car&#x2122; und Medical Car&#x2122; von Mercedes-AMG f\u00fcr die FIA Formel 1&#x2122; | Mercedes-AMG GT 63 S 4MATIC+ (Kraftstoffverbrauch kombiniert: 13,5 \u2013 13,0 l\/100 km, CO2-Emissionen kombiniert: 308 \u2013 295 g\/km);Kraftstoffverbrauch kombiniert: 13,5 \u2013 13,0 l\/100 km, CO2-Emissionen kombiniert: 308 \u2013 295 g\/km*\r\rNew Official FIA Safety Car&#x2122; and Medical Car&#x2122; from Mercedes-AMG for FIA Formula 1&#x2122; | Mercedes-AMG GT 63 S 4MATIC+ (fuel consumption combined: 13.5 \u2013 13.0 l\/100 km, CO2 emissions combined: 308 \u2013 295 g\/km);Fuel consumption combined: 13.5 \u2013 13.0 l\/100 km, CO2 emissions combined: 308 \u2013 295 g\/km*<\/figcaption><\/figure><\/li><li class=\"blocks-gallery-item\"><figure><a href=\"http:\/\/pilotostotal.com.ar\/web\/wp-content\/uploads\/2022\/03\/Los-nuevos-Mercedes-AMG-Safety-Car-y-Medical-Car-de-la-Formula-1-4-1-1.jpg\"><img loading=\"lazy\" decoding=\"async\" width=\"1024\" height=\"683\" src=\"http:\/\/pilotostotal.com.ar\/web\/wp-content\/uploads\/2022\/03\/Los-nuevos-Mercedes-AMG-Safety-Car-y-Medical-Car-de-la-Formula-1-4-1-1-1024x683.jpg\" alt=\"\" data-id=\"36\" data-full-url=\"http:\/\/pilotostotal.com.ar\/web\/wp-content\/uploads\/2022\/03\/Los-nuevos-Mercedes-AMG-Safety-Car-y-Medical-Car-de-la-Formula-1-4-1-1.jpg\" data-link=\"http:\/\/pilotostotal.com.ar\/web\/?attachment_id=36\" class=\"wp-image-36\" srcset=\"https:\/\/pilotostotal.com.ar\/web\/wp-content\/uploads\/2022\/03\/Los-nuevos-Mercedes-AMG-Safety-Car-y-Medical-Car-de-la-Formula-1-4-1-1-1024x683.jpg 1024w, https:\/\/pilotostotal.com.ar\/web\/wp-content\/uploads\/2022\/03\/Los-nuevos-Mercedes-AMG-Safety-Car-y-Medical-Car-de-la-Formula-1-4-1-1-300x200.jpg 300w, https:\/\/pilotostotal.com.ar\/web\/wp-content\/uploads\/2022\/03\/Los-nuevos-Mercedes-AMG-Safety-Car-y-Medical-Car-de-la-Formula-1-4-1-1-768x512.jpg 768w, https:\/\/pilotostotal.com.ar\/web\/wp-content\/uploads\/2022\/03\/Los-nuevos-Mercedes-AMG-Safety-Car-y-Medical-Car-de-la-Formula-1-4-1-1-1536x1024.jpg 1536w, https:\/\/pilotostotal.com.ar\/web\/wp-content\/uploads\/2022\/03\/Los-nuevos-Mercedes-AMG-Safety-Car-y-Medical-Car-de-la-Formula-1-4-1-1-2048x1365.jpg 2048w\" sizes=\"auto, (max-width: 1024px) 100vw, 1024px\" \/><\/a><figcaption class=\"blocks-gallery-item__caption\">Neues Official FIA F1 Safety Car&#x2122; und Medical Car&#x2122; von Mercedes-AMG f\u00fcr die FIA Formel 1&#x2122; | Mercedes-AMG GT Black Series (Kraftstoffverbrauch kombiniert 12,8 l\/100 km, CO2-Emissionen kombiniert 292 g\/km) und Mercedes-AMG GT 63 S 4MATIC+ (Kraftstoffverbrauch kombiniert: 13,5 \u2013 13,0 l\/100 km, CO2-Emissionen kombiniert: 308 \u2013 295 g\/km) \r\rNew Official FIA Safety Car&#x2122; and Medical Car&#x2122; from Mercedes-AMG for FIA Formula 1&#x2122; | Mercedes-AMG GT Black Series (fuel consumption combined: 12.8 l\/100 km, CO2 emissions combined: 292 g\/km) and Mercedes-AMG GT 63 S 4MATIC+ (fuel consumption combined: 13.5 \u2013 13.0 l\/100 km, CO2 emissions combined: 308 \u2013 295 g\/km)<\/figcaption><\/figure><\/li><li class=\"blocks-gallery-item\"><figure><a href=\"http:\/\/pilotostotal.com.ar\/web\/wp-content\/uploads\/2022\/03\/Los-nuevos-Mercedes-AMG-Safety-Car-y-Medical-Car-de-la-Formula-1-6.jpg\"><img loading=\"lazy\" decoding=\"async\" width=\"1024\" height=\"683\" src=\"http:\/\/pilotostotal.com.ar\/web\/wp-content\/uploads\/2022\/03\/Los-nuevos-Mercedes-AMG-Safety-Car-y-Medical-Car-de-la-Formula-1-6-1024x683.jpg\" alt=\"\" data-id=\"37\" data-full-url=\"http:\/\/pilotostotal.com.ar\/web\/wp-content\/uploads\/2022\/03\/Los-nuevos-Mercedes-AMG-Safety-Car-y-Medical-Car-de-la-Formula-1-6.jpg\" data-link=\"http:\/\/pilotostotal.com.ar\/web\/?attachment_id=37\" class=\"wp-image-37\" srcset=\"https:\/\/pilotostotal.com.ar\/web\/wp-content\/uploads\/2022\/03\/Los-nuevos-Mercedes-AMG-Safety-Car-y-Medical-Car-de-la-Formula-1-6-1024x683.jpg 1024w, https:\/\/pilotostotal.com.ar\/web\/wp-content\/uploads\/2022\/03\/Los-nuevos-Mercedes-AMG-Safety-Car-y-Medical-Car-de-la-Formula-1-6-300x200.jpg 300w, https:\/\/pilotostotal.com.ar\/web\/wp-content\/uploads\/2022\/03\/Los-nuevos-Mercedes-AMG-Safety-Car-y-Medical-Car-de-la-Formula-1-6-768x512.jpg 768w, https:\/\/pilotostotal.com.ar\/web\/wp-content\/uploads\/2022\/03\/Los-nuevos-Mercedes-AMG-Safety-Car-y-Medical-Car-de-la-Formula-1-6-1536x1024.jpg 1536w, https:\/\/pilotostotal.com.ar\/web\/wp-content\/uploads\/2022\/03\/Los-nuevos-Mercedes-AMG-Safety-Car-y-Medical-Car-de-la-Formula-1-6-2048x1365.jpg 2048w\" sizes=\"auto, (max-width: 1024px) 100vw, 1024px\" \/><\/a><figcaption class=\"blocks-gallery-item__caption\">Neues Official FIA F1 Safety Car&#x2122; und Medical Car&#x2122; von Mercedes-AMG f\u00fcr die FIA Formel 1&#x2122; | Mercedes-AMG GT Black Series (Kraftstoffverbrauch kombiniert 12,8 l\/100 km, CO2-Emissionen kombiniert 292 g\/km) und Mercedes-AMG GT 63 S 4MATIC+ (Kraftstoffverbrauch kombiniert: 13,5 \u2013 13,0 l\/100 km, CO2-Emissionen kombiniert: 308 \u2013 295 g\/km) \r\rNew Official FIA Safety Car&#x2122; and Medical Car&#x2122; from Mercedes-AMG for FIA Formula 1&#x2122; | Mercedes-AMG GT Black Series (fuel consumption combined: 12.8 l\/100 km, CO2 emissions combined: 292 g\/km) and Mercedes-AMG GT 63 S 4MATIC+ (fuel consumption combined: 13.5 \u2013 13.0 l\/100 km, CO2 emissions combined: 308 \u2013 295 g\/km)<\/figcaption><\/figure><\/li><\/ul><\/figure>\n","protected":false},"excerpt":{"rendered":"<p>Los modelos elegidos para esta temporada son el Mercedes-AMG GT Black Series como \u201cSafety Car\u201d,&#8230;<\/p>\n","protected":false},"author":3,"featured_media":33,"comment_status":"closed","ping_status":"closed","sticky":false,"template":"","format":"standard","meta":{"_monsterinsights_skip_tracking":false,"_monsterinsights_sitenote_active":false,"_monsterinsights_sitenote_note":"","_monsterinsights_sitenote_category":0,"footnotes":""},"categories":[11],"tags":[12],"class_list":["post-31","post","type-post","status-publish","format-standard","has-post-thumbnail","hentry","category-formula-1","tag-formula1"],"aioseo_notices":[],"_links":{"self":[{"href":"https:\/\/pilotostotal.com.ar\/web\/wp-json\/wp\/v2\/posts\/31","targetHints":{"allow":["GET"]}}],"collection":[{"href":"https:\/\/pilotostotal.com.ar\/web\/wp-json\/wp\/v2\/posts"}],"about":[{"href":"https:\/\/pilotostotal.com.ar\/web\/wp-json\/wp\/v2\/types\/post"}],"author":[{"embeddable":true,"href":"https:\/\/pilotostotal.com.ar\/web\/wp-json\/wp\/v2\/users\/3"}],"replies":[{"embeddable":true,"href":"https:\/\/pilotostotal.com.ar\/web\/wp-json\/wp\/v2\/comments?post=31"}],"version-history":[{"count":2,"href":"https:\/\/pilotostotal.com.ar\/web\/wp-json\/wp\/v2\/posts\/31\/revisions"}],"predecessor-version":[{"id":38,"href":"https:\/\/pilotostotal.com.ar\/web\/wp-json\/wp\/v2\/posts\/31\/revisions\/38"}],"wp:featuredmedia":[{"embeddable":true,"href":"https:\/\/pilotostotal.com.ar\/web\/wp-json\/wp\/v2\/media\/33"}],"wp:attachment":[{"href":"https:\/\/pilotostotal.com.ar\/web\/wp-json\/wp\/v2\/media?parent=31"}],"wp:term":[{"taxonomy":"category","embeddable":true,"href":"https:\/\/pilotostotal.com.ar\/web\/wp-json\/wp\/v2\/categories?post=31"},{"taxonomy":"post_tag","embeddable":true,"href":"https:\/\/pilotostotal.com.ar\/web\/wp-json\/wp\/v2\/tags?post=31"}],"curies":[{"name":"wp","href":"https:\/\/api.w.org\/{rel}","templated":true}]}}