{"id":482,"date":"2022-07-11T11:49:04","date_gmt":"2022-07-11T11:49:04","guid":{"rendered":"http:\/\/pilotostotal.com.ar\/web\/?p=482"},"modified":"2022-07-11T18:31:59","modified_gmt":"2022-07-11T18:31:59","slug":"emocionante-victoria-de-charles-leclerc-en-el-gp-de-austria","status":"publish","type":"post","link":"https:\/\/pilotostotal.com.ar\/web\/emocionante-victoria-de-charles-leclerc-en-el-gp-de-austria\/","title":{"rendered":"Emocionante victoria de Charles Leclerc"},"content":{"rendered":"\n<p>En una de las carreras de F\u00f3rmula 1 m\u00e1s emocionantes del a\u00f1o y vibrante hasta la \u00faltima vuelta la Ferrari n\u00famero 16 de Charles Leclerc volvi\u00f3 a la victoria en la casa de Red Bull.<\/p>\n\n\n\n<p><\/p>\n\n\n\n<figure class=\"wp-block-gallery columns-3 is-cropped wp-block-gallery-1 is-layout-flex wp-block-gallery-is-layout-flex\"><ul class=\"blocks-gallery-grid\"><li class=\"blocks-gallery-item\"><figure><a href=\"http:\/\/pilotostotal.com.ar\/web\/wp-content\/uploads\/2022\/07\/pilotostotal-gp-austria-ferrari-16-charlesleclerc-1-scaled.jpg\"><img loading=\"lazy\" decoding=\"async\" width=\"1024\" height=\"683\" src=\"http:\/\/pilotostotal.com.ar\/web\/wp-content\/uploads\/2022\/07\/pilotostotal-gp-austria-ferrari-16-charlesleclerc-1-1024x683.jpg\" alt=\"\" data-id=\"506\" data-full-url=\"http:\/\/pilotostotal.com.ar\/web\/wp-content\/uploads\/2022\/07\/pilotostotal-gp-austria-ferrari-16-charlesleclerc-1-scaled.jpg\" data-link=\"http:\/\/pilotostotal.com.ar\/web\/emocionante-victoria-de-charles-leclerc-en-el-gp-de-austria\/pilotostotal-gp-austria-ferrari-16-charlesleclerc-1\/\" class=\"wp-image-506\" srcset=\"https:\/\/pilotostotal.com.ar\/web\/wp-content\/uploads\/2022\/07\/pilotostotal-gp-austria-ferrari-16-charlesleclerc-1-1024x683.jpg 1024w, https:\/\/pilotostotal.com.ar\/web\/wp-content\/uploads\/2022\/07\/pilotostotal-gp-austria-ferrari-16-charlesleclerc-1-300x200.jpg 300w, https:\/\/pilotostotal.com.ar\/web\/wp-content\/uploads\/2022\/07\/pilotostotal-gp-austria-ferrari-16-charlesleclerc-1-768x512.jpg 768w, https:\/\/pilotostotal.com.ar\/web\/wp-content\/uploads\/2022\/07\/pilotostotal-gp-austria-ferrari-16-charlesleclerc-1-1536x1024.jpg 1536w, https:\/\/pilotostotal.com.ar\/web\/wp-content\/uploads\/2022\/07\/pilotostotal-gp-austria-ferrari-16-charlesleclerc-1-2048x1366.jpg 2048w\" sizes=\"auto, (max-width: 1024px) 100vw, 1024px\" \/><\/a><\/figure><\/li><li class=\"blocks-gallery-item\"><figure><a href=\"http:\/\/pilotostotal.com.ar\/web\/wp-content\/uploads\/2022\/07\/pilotostotal-gp-austria-ferrari-16-charlesleclerc-02-1-scaled.jpg\"><img loading=\"lazy\" decoding=\"async\" width=\"1024\" height=\"683\" src=\"http:\/\/pilotostotal.com.ar\/web\/wp-content\/uploads\/2022\/07\/pilotostotal-gp-austria-ferrari-16-charlesleclerc-02-1-1024x683.jpg\" alt=\"\" data-id=\"508\" data-full-url=\"http:\/\/pilotostotal.com.ar\/web\/wp-content\/uploads\/2022\/07\/pilotostotal-gp-austria-ferrari-16-charlesleclerc-02-1-scaled.jpg\" data-link=\"http:\/\/pilotostotal.com.ar\/web\/emocionante-victoria-de-charles-leclerc-en-el-gp-de-austria\/pilotostotal-gp-austria-ferrari-16-charlesleclerc-02-1\/\" class=\"wp-image-508\" srcset=\"https:\/\/pilotostotal.com.ar\/web\/wp-content\/uploads\/2022\/07\/pilotostotal-gp-austria-ferrari-16-charlesleclerc-02-1-1024x683.jpg 1024w, https:\/\/pilotostotal.com.ar\/web\/wp-content\/uploads\/2022\/07\/pilotostotal-gp-austria-ferrari-16-charlesleclerc-02-1-300x200.jpg 300w, https:\/\/pilotostotal.com.ar\/web\/wp-content\/uploads\/2022\/07\/pilotostotal-gp-austria-ferrari-16-charlesleclerc-02-1-768x512.jpg 768w, https:\/\/pilotostotal.com.ar\/web\/wp-content\/uploads\/2022\/07\/pilotostotal-gp-austria-ferrari-16-charlesleclerc-02-1-1536x1024.jpg 1536w, https:\/\/pilotostotal.com.ar\/web\/wp-content\/uploads\/2022\/07\/pilotostotal-gp-austria-ferrari-16-charlesleclerc-02-1-2048x1366.jpg 2048w\" sizes=\"auto, (max-width: 1024px) 100vw, 1024px\" \/><\/a><\/figure><\/li><li class=\"blocks-gallery-item\"><figure><a href=\"http:\/\/pilotostotal.com.ar\/web\/wp-content\/uploads\/2022\/07\/pilotostotal-gp-austria-ferrari-16-charlesleclerc-03-1.jpg\"><img loading=\"lazy\" decoding=\"async\" width=\"1024\" height=\"683\" src=\"http:\/\/pilotostotal.com.ar\/web\/wp-content\/uploads\/2022\/07\/pilotostotal-gp-austria-ferrari-16-charlesleclerc-03-1-1024x683.jpg\" alt=\"\" data-id=\"509\" data-full-url=\"http:\/\/pilotostotal.com.ar\/web\/wp-content\/uploads\/2022\/07\/pilotostotal-gp-austria-ferrari-16-charlesleclerc-03-1.jpg\" data-link=\"http:\/\/pilotostotal.com.ar\/web\/emocionante-victoria-de-charles-leclerc-en-el-gp-de-austria\/pilotostotal-gp-austria-ferrari-16-charlesleclerc-03-1\/\" class=\"wp-image-509\" srcset=\"https:\/\/pilotostotal.com.ar\/web\/wp-content\/uploads\/2022\/07\/pilotostotal-gp-austria-ferrari-16-charlesleclerc-03-1-1024x683.jpg 1024w, https:\/\/pilotostotal.com.ar\/web\/wp-content\/uploads\/2022\/07\/pilotostotal-gp-austria-ferrari-16-charlesleclerc-03-1-300x200.jpg 300w, https:\/\/pilotostotal.com.ar\/web\/wp-content\/uploads\/2022\/07\/pilotostotal-gp-austria-ferrari-16-charlesleclerc-03-1-768x512.jpg 768w, https:\/\/pilotostotal.com.ar\/web\/wp-content\/uploads\/2022\/07\/pilotostotal-gp-austria-ferrari-16-charlesleclerc-03-1.jpg 1350w\" sizes=\"auto, (max-width: 1024px) 100vw, 1024px\" \/><\/a><\/figure><\/li><li class=\"blocks-gallery-item\"><figure><a href=\"http:\/\/pilotostotal.com.ar\/web\/wp-content\/uploads\/2022\/07\/pilotostotal-gp-austria-ferrari-16-charlesleclerc-bandera-1-scaled.jpg\"><img loading=\"lazy\" decoding=\"async\" width=\"1024\" height=\"683\" src=\"http:\/\/pilotostotal.com.ar\/web\/wp-content\/uploads\/2022\/07\/pilotostotal-gp-austria-ferrari-16-charlesleclerc-bandera-1-1024x683.jpg\" alt=\"\" data-id=\"510\" data-full-url=\"http:\/\/pilotostotal.com.ar\/web\/wp-content\/uploads\/2022\/07\/pilotostotal-gp-austria-ferrari-16-charlesleclerc-bandera-1-scaled.jpg\" data-link=\"http:\/\/pilotostotal.com.ar\/web\/emocionante-victoria-de-charles-leclerc-en-el-gp-de-austria\/pilotostotal-gp-austria-ferrari-16-charlesleclerc-bandera-1\/\" class=\"wp-image-510\" srcset=\"https:\/\/pilotostotal.com.ar\/web\/wp-content\/uploads\/2022\/07\/pilotostotal-gp-austria-ferrari-16-charlesleclerc-bandera-1-1024x683.jpg 1024w, https:\/\/pilotostotal.com.ar\/web\/wp-content\/uploads\/2022\/07\/pilotostotal-gp-austria-ferrari-16-charlesleclerc-bandera-1-300x200.jpg 300w, https:\/\/pilotostotal.com.ar\/web\/wp-content\/uploads\/2022\/07\/pilotostotal-gp-austria-ferrari-16-charlesleclerc-bandera-1-768x512.jpg 768w, https:\/\/pilotostotal.com.ar\/web\/wp-content\/uploads\/2022\/07\/pilotostotal-gp-austria-ferrari-16-charlesleclerc-bandera-1-1536x1024.jpg 1536w, https:\/\/pilotostotal.com.ar\/web\/wp-content\/uploads\/2022\/07\/pilotostotal-gp-austria-ferrari-16-charlesleclerc-bandera-1-2048x1366.jpg 2048w\" sizes=\"auto, (max-width: 1024px) 100vw, 1024px\" \/><\/a><\/figure><\/li><li class=\"blocks-gallery-item\"><figure><a href=\"http:\/\/pilotostotal.com.ar\/web\/wp-content\/uploads\/2022\/07\/pilotostotal-gp-austria-ferrari-16-charlesleclerc-boxes-1.jpg\"><img loading=\"lazy\" decoding=\"async\" width=\"1024\" height=\"683\" src=\"http:\/\/pilotostotal.com.ar\/web\/wp-content\/uploads\/2022\/07\/pilotostotal-gp-austria-ferrari-16-charlesleclerc-boxes-1-1024x683.jpg\" alt=\"\" data-id=\"511\" data-full-url=\"http:\/\/pilotostotal.com.ar\/web\/wp-content\/uploads\/2022\/07\/pilotostotal-gp-austria-ferrari-16-charlesleclerc-boxes-1.jpg\" data-link=\"http:\/\/pilotostotal.com.ar\/web\/emocionante-victoria-de-charles-leclerc-en-el-gp-de-austria\/pilotostotal-gp-austria-ferrari-16-charlesleclerc-boxes-1\/\" class=\"wp-image-511\" srcset=\"https:\/\/pilotostotal.com.ar\/web\/wp-content\/uploads\/2022\/07\/pilotostotal-gp-austria-ferrari-16-charlesleclerc-boxes-1-1024x683.jpg 1024w, https:\/\/pilotostotal.com.ar\/web\/wp-content\/uploads\/2022\/07\/pilotostotal-gp-austria-ferrari-16-charlesleclerc-boxes-1-300x200.jpg 300w, https:\/\/pilotostotal.com.ar\/web\/wp-content\/uploads\/2022\/07\/pilotostotal-gp-austria-ferrari-16-charlesleclerc-boxes-1-768x512.jpg 768w, https:\/\/pilotostotal.com.ar\/web\/wp-content\/uploads\/2022\/07\/pilotostotal-gp-austria-ferrari-16-charlesleclerc-boxes-1.jpg 1350w\" sizes=\"auto, (max-width: 1024px) 100vw, 1024px\" \/><\/a><\/figure><\/li><li class=\"blocks-gallery-item\"><figure><a href=\"http:\/\/pilotostotal.com.ar\/web\/wp-content\/uploads\/2022\/07\/pilotostotal-gp-austria-ferrari-16-charlesleclerc-casco-1-scaled.jpg\"><img loading=\"lazy\" decoding=\"async\" width=\"1024\" height=\"683\" src=\"http:\/\/pilotostotal.com.ar\/web\/wp-content\/uploads\/2022\/07\/pilotostotal-gp-austria-ferrari-16-charlesleclerc-casco-1-1024x683.jpg\" alt=\"\" data-id=\"512\" data-full-url=\"http:\/\/pilotostotal.com.ar\/web\/wp-content\/uploads\/2022\/07\/pilotostotal-gp-austria-ferrari-16-charlesleclerc-casco-1-scaled.jpg\" data-link=\"http:\/\/pilotostotal.com.ar\/web\/emocionante-victoria-de-charles-leclerc-en-el-gp-de-austria\/pilotostotal-gp-austria-ferrari-16-charlesleclerc-casco-1\/\" class=\"wp-image-512\" srcset=\"https:\/\/pilotostotal.com.ar\/web\/wp-content\/uploads\/2022\/07\/pilotostotal-gp-austria-ferrari-16-charlesleclerc-casco-1-1024x683.jpg 1024w, https:\/\/pilotostotal.com.ar\/web\/wp-content\/uploads\/2022\/07\/pilotostotal-gp-austria-ferrari-16-charlesleclerc-casco-1-300x200.jpg 300w, https:\/\/pilotostotal.com.ar\/web\/wp-content\/uploads\/2022\/07\/pilotostotal-gp-austria-ferrari-16-charlesleclerc-casco-1-768x512.jpg 768w, https:\/\/pilotostotal.com.ar\/web\/wp-content\/uploads\/2022\/07\/pilotostotal-gp-austria-ferrari-16-charlesleclerc-casco-1-1536x1024.jpg 1536w, https:\/\/pilotostotal.com.ar\/web\/wp-content\/uploads\/2022\/07\/pilotostotal-gp-austria-ferrari-16-charlesleclerc-casco-1-2048x1366.jpg 2048w\" sizes=\"auto, (max-width: 1024px) 100vw, 1024px\" \/><\/a><\/figure><\/li><li class=\"blocks-gallery-item\"><figure><a href=\"http:\/\/pilotostotal.com.ar\/web\/wp-content\/uploads\/2022\/07\/pilotostotal-gp-austria-ferrari-16-charlesleclerc-fanaticas-1.jpg\"><img loading=\"lazy\" decoding=\"async\" width=\"1024\" height=\"683\" src=\"http:\/\/pilotostotal.com.ar\/web\/wp-content\/uploads\/2022\/07\/pilotostotal-gp-austria-ferrari-16-charlesleclerc-fanaticas-1-1024x683.jpg\" alt=\"\" data-id=\"513\" data-full-url=\"http:\/\/pilotostotal.com.ar\/web\/wp-content\/uploads\/2022\/07\/pilotostotal-gp-austria-ferrari-16-charlesleclerc-fanaticas-1.jpg\" data-link=\"http:\/\/pilotostotal.com.ar\/web\/emocionante-victoria-de-charles-leclerc-en-el-gp-de-austria\/pilotostotal-gp-austria-ferrari-16-charlesleclerc-fanaticas-1\/\" class=\"wp-image-513\" srcset=\"https:\/\/pilotostotal.com.ar\/web\/wp-content\/uploads\/2022\/07\/pilotostotal-gp-austria-ferrari-16-charlesleclerc-fanaticas-1-1024x683.jpg 1024w, https:\/\/pilotostotal.com.ar\/web\/wp-content\/uploads\/2022\/07\/pilotostotal-gp-austria-ferrari-16-charlesleclerc-fanaticas-1-300x200.jpg 300w, https:\/\/pilotostotal.com.ar\/web\/wp-content\/uploads\/2022\/07\/pilotostotal-gp-austria-ferrari-16-charlesleclerc-fanaticas-1-768x512.jpg 768w, https:\/\/pilotostotal.com.ar\/web\/wp-content\/uploads\/2022\/07\/pilotostotal-gp-austria-ferrari-16-charlesleclerc-fanaticas-1.jpg 1350w\" sizes=\"auto, (max-width: 1024px) 100vw, 1024px\" \/><\/a><\/figure><\/li><li class=\"blocks-gallery-item\"><figure><a href=\"http:\/\/pilotostotal.com.ar\/web\/wp-content\/uploads\/2022\/07\/pilotostotal-gp-austria-ferrari-16-charlesleclerc-festejo-1-scaled.jpg\"><img loading=\"lazy\" decoding=\"async\" width=\"1024\" height=\"683\" src=\"http:\/\/pilotostotal.com.ar\/web\/wp-content\/uploads\/2022\/07\/pilotostotal-gp-austria-ferrari-16-charlesleclerc-festejo-1-1024x683.jpg\" alt=\"\" data-id=\"514\" data-full-url=\"http:\/\/pilotostotal.com.ar\/web\/wp-content\/uploads\/2022\/07\/pilotostotal-gp-austria-ferrari-16-charlesleclerc-festejo-1-scaled.jpg\" data-link=\"http:\/\/pilotostotal.com.ar\/web\/emocionante-victoria-de-charles-leclerc-en-el-gp-de-austria\/pilotostotal-gp-austria-ferrari-16-charlesleclerc-festejo-1\/\" class=\"wp-image-514\" srcset=\"https:\/\/pilotostotal.com.ar\/web\/wp-content\/uploads\/2022\/07\/pilotostotal-gp-austria-ferrari-16-charlesleclerc-festejo-1-1024x683.jpg 1024w, https:\/\/pilotostotal.com.ar\/web\/wp-content\/uploads\/2022\/07\/pilotostotal-gp-austria-ferrari-16-charlesleclerc-festejo-1-300x200.jpg 300w, https:\/\/pilotostotal.com.ar\/web\/wp-content\/uploads\/2022\/07\/pilotostotal-gp-austria-ferrari-16-charlesleclerc-festejo-1-768x512.jpg 768w, https:\/\/pilotostotal.com.ar\/web\/wp-content\/uploads\/2022\/07\/pilotostotal-gp-austria-ferrari-16-charlesleclerc-festejo-1-1536x1024.jpg 1536w, https:\/\/pilotostotal.com.ar\/web\/wp-content\/uploads\/2022\/07\/pilotostotal-gp-austria-ferrari-16-charlesleclerc-festejo-1-2048x1366.jpg 2048w\" sizes=\"auto, (max-width: 1024px) 100vw, 1024px\" \/><\/a><\/figure><\/li><li class=\"blocks-gallery-item\"><figure><a href=\"http:\/\/pilotostotal.com.ar\/web\/wp-content\/uploads\/2022\/07\/pilotostotal-gp-austria-ferrari-16-charlesleclerc-Formula1-P1-1-scaled.jpg\"><img loading=\"lazy\" decoding=\"async\" width=\"1024\" height=\"683\" src=\"http:\/\/pilotostotal.com.ar\/web\/wp-content\/uploads\/2022\/07\/pilotostotal-gp-austria-ferrari-16-charlesleclerc-Formula1-P1-1-1024x683.jpg\" alt=\"\" data-id=\"515\" data-full-url=\"http:\/\/pilotostotal.com.ar\/web\/wp-content\/uploads\/2022\/07\/pilotostotal-gp-austria-ferrari-16-charlesleclerc-Formula1-P1-1-scaled.jpg\" data-link=\"http:\/\/pilotostotal.com.ar\/web\/emocionante-victoria-de-charles-leclerc-en-el-gp-de-austria\/pilotostotal-gp-austria-ferrari-16-charlesleclerc-formula1-p1-1\/\" class=\"wp-image-515\" srcset=\"https:\/\/pilotostotal.com.ar\/web\/wp-content\/uploads\/2022\/07\/pilotostotal-gp-austria-ferrari-16-charlesleclerc-Formula1-P1-1-1024x683.jpg 1024w, https:\/\/pilotostotal.com.ar\/web\/wp-content\/uploads\/2022\/07\/pilotostotal-gp-austria-ferrari-16-charlesleclerc-Formula1-P1-1-300x200.jpg 300w, https:\/\/pilotostotal.com.ar\/web\/wp-content\/uploads\/2022\/07\/pilotostotal-gp-austria-ferrari-16-charlesleclerc-Formula1-P1-1-768x512.jpg 768w, https:\/\/pilotostotal.com.ar\/web\/wp-content\/uploads\/2022\/07\/pilotostotal-gp-austria-ferrari-16-charlesleclerc-Formula1-P1-1-1536x1024.jpg 1536w, https:\/\/pilotostotal.com.ar\/web\/wp-content\/uploads\/2022\/07\/pilotostotal-gp-austria-ferrari-16-charlesleclerc-Formula1-P1-1-2048x1366.jpg 2048w\" sizes=\"auto, (max-width: 1024px) 100vw, 1024px\" \/><\/a><\/figure><\/li><li class=\"blocks-gallery-item\"><figure><a href=\"http:\/\/pilotostotal.com.ar\/web\/wp-content\/uploads\/2022\/07\/pilotostotal-gp-austria-ferrari-16-charlesleclerc-grilla-largada-1-scaled.jpg\"><img loading=\"lazy\" decoding=\"async\" width=\"1024\" height=\"683\" src=\"http:\/\/pilotostotal.com.ar\/web\/wp-content\/uploads\/2022\/07\/pilotostotal-gp-austria-ferrari-16-charlesleclerc-grilla-largada-1-1024x683.jpg\" alt=\"\" data-id=\"516\" data-full-url=\"http:\/\/pilotostotal.com.ar\/web\/wp-content\/uploads\/2022\/07\/pilotostotal-gp-austria-ferrari-16-charlesleclerc-grilla-largada-1-scaled.jpg\" data-link=\"http:\/\/pilotostotal.com.ar\/web\/emocionante-victoria-de-charles-leclerc-en-el-gp-de-austria\/pilotostotal-gp-austria-ferrari-16-charlesleclerc-grilla-largada-1\/\" class=\"wp-image-516\" srcset=\"https:\/\/pilotostotal.com.ar\/web\/wp-content\/uploads\/2022\/07\/pilotostotal-gp-austria-ferrari-16-charlesleclerc-grilla-largada-1-1024x683.jpg 1024w, https:\/\/pilotostotal.com.ar\/web\/wp-content\/uploads\/2022\/07\/pilotostotal-gp-austria-ferrari-16-charlesleclerc-grilla-largada-1-300x200.jpg 300w, https:\/\/pilotostotal.com.ar\/web\/wp-content\/uploads\/2022\/07\/pilotostotal-gp-austria-ferrari-16-charlesleclerc-grilla-largada-1-768x512.jpg 768w, https:\/\/pilotostotal.com.ar\/web\/wp-content\/uploads\/2022\/07\/pilotostotal-gp-austria-ferrari-16-charlesleclerc-grilla-largada-1-1536x1024.jpg 1536w, https:\/\/pilotostotal.com.ar\/web\/wp-content\/uploads\/2022\/07\/pilotostotal-gp-austria-ferrari-16-charlesleclerc-grilla-largada-1-2048x1366.jpg 2048w\" sizes=\"auto, (max-width: 1024px) 100vw, 1024px\" \/><\/a><\/figure><\/li><li class=\"blocks-gallery-item\"><figure><a href=\"http:\/\/pilotostotal.com.ar\/web\/wp-content\/uploads\/2022\/07\/pilotostotal-gp-austria-ferrari-16-charlesleclerc-mecanicos-P1-1-scaled.jpg\"><img loading=\"lazy\" decoding=\"async\" width=\"1024\" height=\"683\" src=\"http:\/\/pilotostotal.com.ar\/web\/wp-content\/uploads\/2022\/07\/pilotostotal-gp-austria-ferrari-16-charlesleclerc-mecanicos-P1-1-1024x683.jpg\" alt=\"\" data-id=\"517\" data-full-url=\"http:\/\/pilotostotal.com.ar\/web\/wp-content\/uploads\/2022\/07\/pilotostotal-gp-austria-ferrari-16-charlesleclerc-mecanicos-P1-1-scaled.jpg\" data-link=\"http:\/\/pilotostotal.com.ar\/web\/emocionante-victoria-de-charles-leclerc-en-el-gp-de-austria\/pilotostotal-gp-austria-ferrari-16-charlesleclerc-mecanicos-p1-1\/\" class=\"wp-image-517\" srcset=\"https:\/\/pilotostotal.com.ar\/web\/wp-content\/uploads\/2022\/07\/pilotostotal-gp-austria-ferrari-16-charlesleclerc-mecanicos-P1-1-1024x683.jpg 1024w, https:\/\/pilotostotal.com.ar\/web\/wp-content\/uploads\/2022\/07\/pilotostotal-gp-austria-ferrari-16-charlesleclerc-mecanicos-P1-1-300x200.jpg 300w, https:\/\/pilotostotal.com.ar\/web\/wp-content\/uploads\/2022\/07\/pilotostotal-gp-austria-ferrari-16-charlesleclerc-mecanicos-P1-1-768x512.jpg 768w, https:\/\/pilotostotal.com.ar\/web\/wp-content\/uploads\/2022\/07\/pilotostotal-gp-austria-ferrari-16-charlesleclerc-mecanicos-P1-1-1536x1024.jpg 1536w, https:\/\/pilotostotal.com.ar\/web\/wp-content\/uploads\/2022\/07\/pilotostotal-gp-austria-ferrari-16-charlesleclerc-mecanicos-P1-1-2048x1366.jpg 2048w\" sizes=\"auto, (max-width: 1024px) 100vw, 1024px\" \/><\/a><\/figure><\/li><li class=\"blocks-gallery-item\"><figure><a href=\"http:\/\/pilotostotal.com.ar\/web\/wp-content\/uploads\/2022\/07\/pilotostotal-gp-austria-ferrari-16-charlesleclerc-podio-02-1-scaled.jpg\"><img loading=\"lazy\" decoding=\"async\" width=\"1024\" height=\"683\" src=\"http:\/\/pilotostotal.com.ar\/web\/wp-content\/uploads\/2022\/07\/pilotostotal-gp-austria-ferrari-16-charlesleclerc-podio-02-1-1024x683.jpg\" alt=\"\" data-id=\"518\" data-full-url=\"http:\/\/pilotostotal.com.ar\/web\/wp-content\/uploads\/2022\/07\/pilotostotal-gp-austria-ferrari-16-charlesleclerc-podio-02-1-scaled.jpg\" data-link=\"http:\/\/pilotostotal.com.ar\/web\/emocionante-victoria-de-charles-leclerc-en-el-gp-de-austria\/pilotostotal-gp-austria-ferrari-16-charlesleclerc-podio-02-1\/\" class=\"wp-image-518\" srcset=\"https:\/\/pilotostotal.com.ar\/web\/wp-content\/uploads\/2022\/07\/pilotostotal-gp-austria-ferrari-16-charlesleclerc-podio-02-1-1024x683.jpg 1024w, https:\/\/pilotostotal.com.ar\/web\/wp-content\/uploads\/2022\/07\/pilotostotal-gp-austria-ferrari-16-charlesleclerc-podio-02-1-300x200.jpg 300w, https:\/\/pilotostotal.com.ar\/web\/wp-content\/uploads\/2022\/07\/pilotostotal-gp-austria-ferrari-16-charlesleclerc-podio-02-1-768x512.jpg 768w, https:\/\/pilotostotal.com.ar\/web\/wp-content\/uploads\/2022\/07\/pilotostotal-gp-austria-ferrari-16-charlesleclerc-podio-02-1-1536x1024.jpg 1536w, https:\/\/pilotostotal.com.ar\/web\/wp-content\/uploads\/2022\/07\/pilotostotal-gp-austria-ferrari-16-charlesleclerc-podio-02-1-2048x1366.jpg 2048w\" sizes=\"auto, (max-width: 1024px) 100vw, 1024px\" \/><\/a><\/figure><\/li><li class=\"blocks-gallery-item\"><figure><a href=\"http:\/\/pilotostotal.com.ar\/web\/wp-content\/uploads\/2022\/07\/pilotostotal-gp-austria-ferrari-16-charlesleclerc-podio-champagne-2-scaled.jpg\"><img loading=\"lazy\" decoding=\"async\" width=\"1024\" height=\"683\" src=\"http:\/\/pilotostotal.com.ar\/web\/wp-content\/uploads\/2022\/07\/pilotostotal-gp-austria-ferrari-16-charlesleclerc-podio-champagne-2-1024x683.jpg\" alt=\"\" data-id=\"519\" data-full-url=\"http:\/\/pilotostotal.com.ar\/web\/wp-content\/uploads\/2022\/07\/pilotostotal-gp-austria-ferrari-16-charlesleclerc-podio-champagne-2-scaled.jpg\" data-link=\"http:\/\/pilotostotal.com.ar\/web\/emocionante-victoria-de-charles-leclerc-en-el-gp-de-austria\/pilotostotal-gp-austria-ferrari-16-charlesleclerc-podio-champagne-2\/\" class=\"wp-image-519\" srcset=\"https:\/\/pilotostotal.com.ar\/web\/wp-content\/uploads\/2022\/07\/pilotostotal-gp-austria-ferrari-16-charlesleclerc-podio-champagne-2-1024x683.jpg 1024w, https:\/\/pilotostotal.com.ar\/web\/wp-content\/uploads\/2022\/07\/pilotostotal-gp-austria-ferrari-16-charlesleclerc-podio-champagne-2-300x200.jpg 300w, https:\/\/pilotostotal.com.ar\/web\/wp-content\/uploads\/2022\/07\/pilotostotal-gp-austria-ferrari-16-charlesleclerc-podio-champagne-2-768x512.jpg 768w, https:\/\/pilotostotal.com.ar\/web\/wp-content\/uploads\/2022\/07\/pilotostotal-gp-austria-ferrari-16-charlesleclerc-podio-champagne-2-1536x1024.jpg 1536w, https:\/\/pilotostotal.com.ar\/web\/wp-content\/uploads\/2022\/07\/pilotostotal-gp-austria-ferrari-16-charlesleclerc-podio-champagne-2-2048x1366.jpg 2048w\" sizes=\"auto, (max-width: 1024px) 100vw, 1024px\" \/><\/a><\/figure><\/li><li class=\"blocks-gallery-item\"><figure><a href=\"http:\/\/pilotostotal.com.ar\/web\/wp-content\/uploads\/2022\/07\/pilotostotal-gp-austria-ferrari-16-charlesleclerc-podio-l-mekies-scaled.jpg\"><img loading=\"lazy\" decoding=\"async\" width=\"1024\" height=\"683\" src=\"http:\/\/pilotostotal.com.ar\/web\/wp-content\/uploads\/2022\/07\/pilotostotal-gp-austria-ferrari-16-charlesleclerc-podio-l-mekies-1024x683.jpg\" alt=\"\" data-id=\"520\" data-full-url=\"http:\/\/pilotostotal.com.ar\/web\/wp-content\/uploads\/2022\/07\/pilotostotal-gp-austria-ferrari-16-charlesleclerc-podio-l-mekies-scaled.jpg\" data-link=\"http:\/\/pilotostotal.com.ar\/web\/emocionante-victoria-de-charles-leclerc-en-el-gp-de-austria\/pilotostotal-gp-austria-ferrari-16-charlesleclerc-podio-l-mekies\/\" class=\"wp-image-520\" srcset=\"https:\/\/pilotostotal.com.ar\/web\/wp-content\/uploads\/2022\/07\/pilotostotal-gp-austria-ferrari-16-charlesleclerc-podio-l-mekies-1024x683.jpg 1024w, https:\/\/pilotostotal.com.ar\/web\/wp-content\/uploads\/2022\/07\/pilotostotal-gp-austria-ferrari-16-charlesleclerc-podio-l-mekies-300x200.jpg 300w, https:\/\/pilotostotal.com.ar\/web\/wp-content\/uploads\/2022\/07\/pilotostotal-gp-austria-ferrari-16-charlesleclerc-podio-l-mekies-768x512.jpg 768w, https:\/\/pilotostotal.com.ar\/web\/wp-content\/uploads\/2022\/07\/pilotostotal-gp-austria-ferrari-16-charlesleclerc-podio-l-mekies-1536x1024.jpg 1536w, https:\/\/pilotostotal.com.ar\/web\/wp-content\/uploads\/2022\/07\/pilotostotal-gp-austria-ferrari-16-charlesleclerc-podio-l-mekies-2048x1366.jpg 2048w\" sizes=\"auto, (max-width: 1024px) 100vw, 1024px\" \/><\/a><\/figure><\/li><li class=\"blocks-gallery-item\"><figure><a href=\"http:\/\/pilotostotal.com.ar\/web\/wp-content\/uploads\/2022\/07\/pilotostotal-gp-austria-ferrari-16-charlesleclerc-premio-02-scaled.jpg\"><img loading=\"lazy\" decoding=\"async\" width=\"1024\" height=\"683\" src=\"http:\/\/pilotostotal.com.ar\/web\/wp-content\/uploads\/2022\/07\/pilotostotal-gp-austria-ferrari-16-charlesleclerc-premio-02-1024x683.jpg\" alt=\"\" data-id=\"521\" data-full-url=\"http:\/\/pilotostotal.com.ar\/web\/wp-content\/uploads\/2022\/07\/pilotostotal-gp-austria-ferrari-16-charlesleclerc-premio-02-scaled.jpg\" data-link=\"http:\/\/pilotostotal.com.ar\/web\/emocionante-victoria-de-charles-leclerc-en-el-gp-de-austria\/pilotostotal-gp-austria-ferrari-16-charlesleclerc-premio-02\/\" class=\"wp-image-521\" srcset=\"https:\/\/pilotostotal.com.ar\/web\/wp-content\/uploads\/2022\/07\/pilotostotal-gp-austria-ferrari-16-charlesleclerc-premio-02-1024x683.jpg 1024w, https:\/\/pilotostotal.com.ar\/web\/wp-content\/uploads\/2022\/07\/pilotostotal-gp-austria-ferrari-16-charlesleclerc-premio-02-300x200.jpg 300w, https:\/\/pilotostotal.com.ar\/web\/wp-content\/uploads\/2022\/07\/pilotostotal-gp-austria-ferrari-16-charlesleclerc-premio-02-768x512.jpg 768w, https:\/\/pilotostotal.com.ar\/web\/wp-content\/uploads\/2022\/07\/pilotostotal-gp-austria-ferrari-16-charlesleclerc-premio-02-1536x1024.jpg 1536w, https:\/\/pilotostotal.com.ar\/web\/wp-content\/uploads\/2022\/07\/pilotostotal-gp-austria-ferrari-16-charlesleclerc-premio-02-2048x1366.jpg 2048w\" sizes=\"auto, (max-width: 1024px) 100vw, 1024px\" \/><\/a><\/figure><\/li><li class=\"blocks-gallery-item\"><figure><a href=\"http:\/\/pilotostotal.com.ar\/web\/wp-content\/uploads\/2022\/07\/pilotostotal-gp-austria-ferrari-16-charlesleclerc-prensa.jpg\"><img loading=\"lazy\" decoding=\"async\" width=\"1024\" height=\"683\" src=\"http:\/\/pilotostotal.com.ar\/web\/wp-content\/uploads\/2022\/07\/pilotostotal-gp-austria-ferrari-16-charlesleclerc-prensa-1024x683.jpg\" alt=\"\" data-id=\"522\" data-full-url=\"http:\/\/pilotostotal.com.ar\/web\/wp-content\/uploads\/2022\/07\/pilotostotal-gp-austria-ferrari-16-charlesleclerc-prensa.jpg\" data-link=\"http:\/\/pilotostotal.com.ar\/web\/emocionante-victoria-de-charles-leclerc-en-el-gp-de-austria\/pilotostotal-gp-austria-ferrari-16-charlesleclerc-prensa\/\" class=\"wp-image-522\" srcset=\"https:\/\/pilotostotal.com.ar\/web\/wp-content\/uploads\/2022\/07\/pilotostotal-gp-austria-ferrari-16-charlesleclerc-prensa-1024x683.jpg 1024w, https:\/\/pilotostotal.com.ar\/web\/wp-content\/uploads\/2022\/07\/pilotostotal-gp-austria-ferrari-16-charlesleclerc-prensa-300x200.jpg 300w, https:\/\/pilotostotal.com.ar\/web\/wp-content\/uploads\/2022\/07\/pilotostotal-gp-austria-ferrari-16-charlesleclerc-prensa-768x512.jpg 768w, https:\/\/pilotostotal.com.ar\/web\/wp-content\/uploads\/2022\/07\/pilotostotal-gp-austria-ferrari-16-charlesleclerc-prensa.jpg 1350w\" sizes=\"auto, (max-width: 1024px) 100vw, 1024px\" \/><\/a><\/figure><\/li><li class=\"blocks-gallery-item\"><figure><a href=\"http:\/\/pilotostotal.com.ar\/web\/wp-content\/uploads\/2022\/07\/pilotostotal-gp-austria-ferrari-16-charlesleclerc-publico.jpg\"><img loading=\"lazy\" decoding=\"async\" width=\"1024\" height=\"683\" src=\"http:\/\/pilotostotal.com.ar\/web\/wp-content\/uploads\/2022\/07\/pilotostotal-gp-austria-ferrari-16-charlesleclerc-publico-1024x683.jpg\" alt=\"\" data-id=\"523\" data-full-url=\"http:\/\/pilotostotal.com.ar\/web\/wp-content\/uploads\/2022\/07\/pilotostotal-gp-austria-ferrari-16-charlesleclerc-publico.jpg\" data-link=\"http:\/\/pilotostotal.com.ar\/web\/emocionante-victoria-de-charles-leclerc-en-el-gp-de-austria\/pilotostotal-gp-austria-ferrari-16-charlesleclerc-publico\/\" class=\"wp-image-523\" srcset=\"https:\/\/pilotostotal.com.ar\/web\/wp-content\/uploads\/2022\/07\/pilotostotal-gp-austria-ferrari-16-charlesleclerc-publico-1024x683.jpg 1024w, https:\/\/pilotostotal.com.ar\/web\/wp-content\/uploads\/2022\/07\/pilotostotal-gp-austria-ferrari-16-charlesleclerc-publico-300x200.jpg 300w, https:\/\/pilotostotal.com.ar\/web\/wp-content\/uploads\/2022\/07\/pilotostotal-gp-austria-ferrari-16-charlesleclerc-publico-768x512.jpg 768w, https:\/\/pilotostotal.com.ar\/web\/wp-content\/uploads\/2022\/07\/pilotostotal-gp-austria-ferrari-16-charlesleclerc-publico.jpg 1350w\" sizes=\"auto, (max-width: 1024px) 100vw, 1024px\" \/><\/a><\/figure><\/li><li class=\"blocks-gallery-item\"><figure><a href=\"http:\/\/pilotostotal.com.ar\/web\/wp-content\/uploads\/2022\/07\/pilotostotal-gp-austria-ferrari-16-charlesleclerc-rectaprincipal-scaled.jpg\"><img loading=\"lazy\" decoding=\"async\" width=\"1024\" height=\"683\" src=\"http:\/\/pilotostotal.com.ar\/web\/wp-content\/uploads\/2022\/07\/pilotostotal-gp-austria-ferrari-16-charlesleclerc-rectaprincipal-1024x683.jpg\" alt=\"\" data-id=\"524\" data-full-url=\"http:\/\/pilotostotal.com.ar\/web\/wp-content\/uploads\/2022\/07\/pilotostotal-gp-austria-ferrari-16-charlesleclerc-rectaprincipal-scaled.jpg\" data-link=\"http:\/\/pilotostotal.com.ar\/web\/emocionante-victoria-de-charles-leclerc-en-el-gp-de-austria\/pilotostotal-gp-austria-ferrari-16-charlesleclerc-rectaprincipal\/\" class=\"wp-image-524\" srcset=\"https:\/\/pilotostotal.com.ar\/web\/wp-content\/uploads\/2022\/07\/pilotostotal-gp-austria-ferrari-16-charlesleclerc-rectaprincipal-1024x683.jpg 1024w, https:\/\/pilotostotal.com.ar\/web\/wp-content\/uploads\/2022\/07\/pilotostotal-gp-austria-ferrari-16-charlesleclerc-rectaprincipal-300x200.jpg 300w, https:\/\/pilotostotal.com.ar\/web\/wp-content\/uploads\/2022\/07\/pilotostotal-gp-austria-ferrari-16-charlesleclerc-rectaprincipal-768x512.jpg 768w, https:\/\/pilotostotal.com.ar\/web\/wp-content\/uploads\/2022\/07\/pilotostotal-gp-austria-ferrari-16-charlesleclerc-rectaprincipal-1536x1024.jpg 1536w, https:\/\/pilotostotal.com.ar\/web\/wp-content\/uploads\/2022\/07\/pilotostotal-gp-austria-ferrari-16-charlesleclerc-rectaprincipal-2048x1366.jpg 2048w\" sizes=\"auto, (max-width: 1024px) 100vw, 1024px\" \/><\/a><\/figure><\/li><li class=\"blocks-gallery-item\"><figure><a href=\"http:\/\/pilotostotal.com.ar\/web\/wp-content\/uploads\/2022\/07\/pilotostotal-gp-austria-ferrari-16-charlesleclerc-saludos.jpg\"><img loading=\"lazy\" decoding=\"async\" width=\"1024\" height=\"683\" src=\"http:\/\/pilotostotal.com.ar\/web\/wp-content\/uploads\/2022\/07\/pilotostotal-gp-austria-ferrari-16-charlesleclerc-saludos-1024x683.jpg\" alt=\"\" data-id=\"525\" data-full-url=\"http:\/\/pilotostotal.com.ar\/web\/wp-content\/uploads\/2022\/07\/pilotostotal-gp-austria-ferrari-16-charlesleclerc-saludos.jpg\" data-link=\"http:\/\/pilotostotal.com.ar\/web\/emocionante-victoria-de-charles-leclerc-en-el-gp-de-austria\/pilotostotal-gp-austria-ferrari-16-charlesleclerc-saludos\/\" class=\"wp-image-525\" srcset=\"https:\/\/pilotostotal.com.ar\/web\/wp-content\/uploads\/2022\/07\/pilotostotal-gp-austria-ferrari-16-charlesleclerc-saludos-1024x683.jpg 1024w, https:\/\/pilotostotal.com.ar\/web\/wp-content\/uploads\/2022\/07\/pilotostotal-gp-austria-ferrari-16-charlesleclerc-saludos-300x200.jpg 300w, https:\/\/pilotostotal.com.ar\/web\/wp-content\/uploads\/2022\/07\/pilotostotal-gp-austria-ferrari-16-charlesleclerc-saludos-768x512.jpg 768w, https:\/\/pilotostotal.com.ar\/web\/wp-content\/uploads\/2022\/07\/pilotostotal-gp-austria-ferrari-16-charlesleclerc-saludos.jpg 1350w\" sizes=\"auto, (max-width: 1024px) 100vw, 1024px\" \/><\/a><\/figure><\/li><\/ul><\/figure>\n\n\n\n<p>Fotos: Ferrari Press.<br><br><\/p>\n\n\n\n<p><strong>Charles Leclerc<\/strong> volvi\u00f3 a la victoria al llevarse el <strong>Gran Premio de Austria<\/strong> de F\u00f3rmula 1 en la pista de Spielberg, dando as\u00ed a la Scuderia Ferrari la cuarta victoria de la temporada.<br>Esta victoria de Ferrari ha sido la mejor manera de celebrar el 90 aniversario del debut del Scudetto en 1932 con el Cavallino Rampante.<br><br><\/p>\n\n\n\n<p>Luego del triunfo, <strong>Charles Leclerc # 16<\/strong>, expres\u00f3: <strong>\u00ab<em>Cada victoria es especial, pero esta tiene un sabor maravilloso.&nbsp;Las \u00faltimas 15 vueltas fueron al l\u00edmite con el problema que tuvimos, \u00a1pero nos lo llevamos a casa!&nbsp;Hoy hemos tenido un gran ritmo y he disfrutado mucho de los duelos<\/em>\u00ab.<br>\u00ab<em>Trabajamos hasta altas horas de la noche ayer para identificar \u00e1reas en las que podr\u00edamos mejorar y creo que eso marc\u00f3 la diferencia hoy.&nbsp;Estoy tan feliz\u00bb.<\/em><\/strong><\/p>\n","protected":false},"excerpt":{"rendered":"<p>En una de las carreras de F\u00f3rmula 1 m\u00e1s emocionantes del a\u00f1o y vibrante hasta&#8230;<\/p>\n","protected":false},"author":3,"featured_media":483,"comment_status":"closed","ping_status":"closed","sticky":false,"template":"","format":"standard","meta":{"_monsterinsights_skip_tracking":false,"_monsterinsights_sitenote_active":false,"_monsterinsights_sitenote_note":"","_monsterinsights_sitenote_category":0,"footnotes":""},"categories":[11],"tags":[13,12],"class_list":["post-482","post","type-post","status-publish","format-standard","has-post-thumbnail","hentry","category-formula-1","tag-ferrari","tag-formula1"],"aioseo_notices":[],"_links":{"self":[{"href":"https:\/\/pilotostotal.com.ar\/web\/wp-json\/wp\/v2\/posts\/482","targetHints":{"allow":["GET"]}}],"collection":[{"href":"https:\/\/pilotostotal.com.ar\/web\/wp-json\/wp\/v2\/posts"}],"about":[{"href":"https:\/\/pilotostotal.com.ar\/web\/wp-json\/wp\/v2\/types\/post"}],"author":[{"embeddable":true,"href":"https:\/\/pilotostotal.com.ar\/web\/wp-json\/wp\/v2\/users\/3"}],"replies":[{"embeddable":true,"href":"https:\/\/pilotostotal.com.ar\/web\/wp-json\/wp\/v2\/comments?post=482"}],"version-history":[{"count":6,"href":"https:\/\/pilotostotal.com.ar\/web\/wp-json\/wp\/v2\/posts\/482\/revisions"}],"predecessor-version":[{"id":526,"href":"https:\/\/pilotostotal.com.ar\/web\/wp-json\/wp\/v2\/posts\/482\/revisions\/526"}],"wp:featuredmedia":[{"embeddable":true,"href":"https:\/\/pilotostotal.com.ar\/web\/wp-json\/wp\/v2\/media\/483"}],"wp:attachment":[{"href":"https:\/\/pilotostotal.com.ar\/web\/wp-json\/wp\/v2\/media?parent=482"}],"wp:term":[{"taxonomy":"category","embeddable":true,"href":"https:\/\/pilotostotal.com.ar\/web\/wp-json\/wp\/v2\/categories?post=482"},{"taxonomy":"post_tag","embeddable":true,"href":"https:\/\/pilotostotal.com.ar\/web\/wp-json\/wp\/v2\/tags?post=482"}],"curies":[{"name":"wp","href":"https:\/\/api.w.org\/{rel}","templated":true}]}}