{"id":570,"date":"2023-02-27T16:47:51","date_gmt":"2023-02-27T16:47:51","guid":{"rendered":"https:\/\/pilotostotal.com.ar\/web\/?p=570"},"modified":"2023-03-09T11:49:32","modified_gmt":"2023-03-09T11:49:32","slug":"vivian-en-la-primera-pernia-en-la-segunda","status":"publish","type":"post","link":"https:\/\/pilotostotal.com.ar\/web\/vivian-en-la-primera-pernia-en-la-segunda\/","title":{"rendered":"Vivian en la primera, Pernia en la segunda"},"content":{"rendered":"\n<p><\/p>\n\n\n\n<p><strong>Facundo Marques<\/strong> con el Renault Fluence que hab\u00eda terminado primero en la primera final fue recargado por exceso de velocidad en un relanzamiento, as\u00ed fue que <strong>Franco Vivian <\/strong>con Chevrolet Cruze gan\u00f3 la primer carrera, segundo termin\u00f3 <strong>Bernardo Llaver <\/strong>con el Honda Civic a 1.060\/1000 y tercero <strong>Leonel Pernia<\/strong> con el Renault Fluence a 1.299\/1000. <\/p>\n\n\n\n<p><\/p>\n\n\n\n<p>En la segunda final <strong>Leonel Pern\u00eda <\/strong>logr\u00f3 una notable victoria con el Renault Fluence siendo segundo finaliz\u00f3 <strong>Juli\u00e1n Santero<\/strong> con Toyota Corolla a 2.067\/1000 y tercero <strong>Facundo Marques<\/strong> con el Renault Fluence a 4.748\/1000. <\/p>\n\n\n\n<figure class=\"wp-block-gallery columns-0 is-cropped wp-block-gallery-1 is-layout-flex wp-block-gallery-is-layout-flex\"><ul class=\"blocks-gallery-grid\"><\/ul><\/figure>\n\n\n\n<p><\/p>\n\n\n\n<p><strong>Campeonato TC2000:<\/strong><\/p>\n\n\n\n<p>Luego de la primera fecha en Buenos Aires el campeonato de pilotos queda de la siguiente manera:<\/p>\n\n\n\n<p>1ro. Leonel Pern\u00eda 39 puntos, <\/p>\n\n\n\n<p>2do. Franco Vivian a 4 de diferencia<strong>,<\/strong><\/p>\n\n\n\n<p>3ro. Juli\u00e1n Santero a 10 puntos.<\/p>\n\n\n\n<p>4to. Bernardo Llaver a 11 puntos<strong>.<\/strong><\/p>\n\n\n\n<p>5to. Facundo Marques a 20 puntos <\/p>\n","protected":false},"excerpt":{"rendered":"<p>Franco Vivian se qued\u00f3 con la primera final del domingo en el G\u00e1lvez mientras que el campe\u00f3n Leonel Pern\u00eda arranc\u00f3 firme la defensa del t\u00edtulo al ganar la segunda competencia que cerr\u00f3 la primera fecha del Campeonato Argentino de TC2000.<\/p>\n","protected":false},"author":3,"featured_media":571,"comment_status":"closed","ping_status":"closed","sticky":false,"template":"","format":"standard","meta":{"_monsterinsights_skip_tracking":false,"_monsterinsights_sitenote_active":false,"_monsterinsights_sitenote_note":"","_monsterinsights_sitenote_category":0,"footnotes":""},"categories":[15],"tags":[20],"class_list":["post-570","post","type-post","status-publish","format-standard","has-post-thumbnail","hentry","category-tc2000","tag-tc2000"],"aioseo_notices":[],"_links":{"self":[{"href":"https:\/\/pilotostotal.com.ar\/web\/wp-json\/wp\/v2\/posts\/570","targetHints":{"allow":["GET"]}}],"collection":[{"href":"https:\/\/pilotostotal.com.ar\/web\/wp-json\/wp\/v2\/posts"}],"about":[{"href":"https:\/\/pilotostotal.com.ar\/web\/wp-json\/wp\/v2\/types\/post"}],"author":[{"embeddable":true,"href":"https:\/\/pilotostotal.com.ar\/web\/wp-json\/wp\/v2\/users\/3"}],"replies":[{"embeddable":true,"href":"https:\/\/pilotostotal.com.ar\/web\/wp-json\/wp\/v2\/comments?post=570"}],"version-history":[{"count":4,"href":"https:\/\/pilotostotal.com.ar\/web\/wp-json\/wp\/v2\/posts\/570\/revisions"}],"predecessor-version":[{"id":589,"href":"https:\/\/pilotostotal.com.ar\/web\/wp-json\/wp\/v2\/posts\/570\/revisions\/589"}],"wp:featuredmedia":[{"embeddable":true,"href":"https:\/\/pilotostotal.com.ar\/web\/wp-json\/wp\/v2\/media\/571"}],"wp:attachment":[{"href":"https:\/\/pilotostotal.com.ar\/web\/wp-json\/wp\/v2\/media?parent=570"}],"wp:term":[{"taxonomy":"category","embeddable":true,"href":"https:\/\/pilotostotal.com.ar\/web\/wp-json\/wp\/v2\/categories?post=570"},{"taxonomy":"post_tag","embeddable":true,"href":"https:\/\/pilotostotal.com.ar\/web\/wp-json\/wp\/v2\/tags?post=570"}],"curies":[{"name":"wp","href":"https:\/\/api.w.org\/{rel}","templated":true}]}}