{"id":674,"date":"2023-04-13T18:46:44","date_gmt":"2023-04-13T18:46:44","guid":{"rendered":"https:\/\/pilotostotal.com.ar\/web\/?p=674"},"modified":"2023-04-13T18:56:40","modified_gmt":"2023-04-13T18:56:40","slug":"acuerdo-deportivo-internacional-tc2000-stock-car","status":"publish","type":"post","link":"https:\/\/pilotostotal.com.ar\/web\/acuerdo-deportivo-internacional-tc2000-stock-car\/","title":{"rendered":"Importante acuerdo deportivo internacional: TC2000 &#8211; Stock Car"},"content":{"rendered":"\n<p>En Buenos Aires, en el sal\u00f3n del <strong>Autom\u00f3vil Club Argentino<\/strong>, se anunci\u00f3 oficialmente la alianza estrat\u00e9gica internacional que conformaron Tango Motorsports, agencia que comanda el <strong>TC2000<\/strong> y Vicar, empresa promotora del <strong>Stock Car<\/strong> de Brasil. <br><br>Las dos empresas propietarias de varias categor\u00edas sellaron el acuerdo que comprende entre otras cosas la realizaci\u00f3n de competencias del Stock Car en Buenos Aires y de TC2000 en Brasil. <br><br>Est\u00e1 previsto que el 8 de octubre el Stock Car regrese al territorio argentino para desarrollar una fecha en el marco de la 17\u00b0 edici\u00f3n de los \u201c200 Km de Buenos Aires\u201d y el TC2000 volver\u00e1 a estar en suelo brasile\u00f1o en 2024 para competir en el m\u00edtico circuito de Interlagos. <br><\/p>\n\n\n\n<p><\/p>\n\n\n\n<p>Del anuncio, que se hizo en simultaneo con Brasil, participaron el Ing. Carlos Garc\u00eda Remohi (Presidente de la CDA del ACA y de CodaSur), Jorge Revello (Vicepresidente segundo del ACA), Fernando Julianelli (CEO del Stock Car de Brasil), Alejandro Levy (Presidente de Tango Motorsports), Sergio Masufri (Gerente General Fras-le Argentina S.A) y los pilotos de TC2000 Leonel Pern\u00eda (Axion Energy Sport TC2000), Franco Vivian (YPF Elaion Auro Pro Racing), Ignacio Montenegro (Axion Energy Sport TC2000) junto a los pilotos del Stock Car Rubens Barrichello (Mobil Ale), Carlos \u201cCaca\u201d Bueno (KTF Sports) y Mat\u00edas Rossi (Full Time Sports), quienes brindaron todos los detalles de este acuerdo internacional.<br><\/p>\n\n\n\n<figure class=\"wp-block-image size-large\"><a href=\"https:\/\/pilotostotal.com.ar\/web\/wp-content\/uploads\/2023\/04\/2023-04-pilotostotal-acuerdo-tc2000-stockcar-brasil.jpg\"><img loading=\"lazy\" decoding=\"async\" width=\"1024\" height=\"380\" src=\"https:\/\/pilotostotal.com.ar\/web\/wp-content\/uploads\/2023\/04\/2023-04-pilotostotal-acuerdo-tc2000-stockcar-brasil-1024x380.jpg\" alt=\"\" class=\"wp-image-676\" srcset=\"https:\/\/pilotostotal.com.ar\/web\/wp-content\/uploads\/2023\/04\/2023-04-pilotostotal-acuerdo-tc2000-stockcar-brasil-1024x380.jpg 1024w, https:\/\/pilotostotal.com.ar\/web\/wp-content\/uploads\/2023\/04\/2023-04-pilotostotal-acuerdo-tc2000-stockcar-brasil-300x111.jpg 300w, https:\/\/pilotostotal.com.ar\/web\/wp-content\/uploads\/2023\/04\/2023-04-pilotostotal-acuerdo-tc2000-stockcar-brasil-768x285.jpg 768w, https:\/\/pilotostotal.com.ar\/web\/wp-content\/uploads\/2023\/04\/2023-04-pilotostotal-acuerdo-tc2000-stockcar-brasil.jpg 1400w\" sizes=\"auto, (max-width: 1024px) 100vw, 1024px\" \/><\/a><\/figure>\n\n\n\n<p><br><br>Luego de la bienvenida que brind\u00f3 c\u00f3mo anfitri\u00f3n <strong>Carlos Garc\u00eda Remoh\u00ed<\/strong>, tomo la palabra Fernando Julianelli, CEO de la Stock Car, quien expres\u00f3: <strong><em>\u201cLos fan\u00e1ticos brasile\u00f1os conocen bien el TC2000. Sin duda, la noticia de nuestra asociaci\u00f3n tendr\u00e1 un gran impacto en nuestra audiencia. Ser\u00e1 la uni\u00f3n de dos grandes eventos automovil\u00edsticos, llenos de pilotos de gran calidad y mucha historia. Y, por supuesto, estamos muy contentos con la oportunidad de competir en el Aut\u00f3dromo \u2018Oscar y Juan G\u00e1lvez\u2019. Es una pista ic\u00f3nica y legendaria, escenario de grandes disputas. Sin duda, nuestros pilotos y equipos vivir\u00e1n un momento especial aline\u00e1ndose para la largada el 8 de octubre. Y, en 2024, esperamos recibir el TC2000 en Interlagos para otro gran espect\u00e1culo del deporte del motor. Hoy, el automovilismo sudamericano est\u00e1 de fiesta\u201d<\/em><\/strong>.<br><\/p>\n\n\n\n<p><strong>Alejandro Levy<\/strong> Presidente de Tango Motorsports, tom\u00f3 la palabra diciendo: <strong><em>\u201cPara nosotros es una gran alegr\u00eda poder anunciar esta alianza estrat\u00e9gica para el automovilismo sudamericano. El p\u00fablico tendr\u00e1 una gran oportunidad el pr\u00f3ximo 7 y 8 de octubre cuando el Stock Car nos visite nuevamente en el Aut\u00f3dromo \u2018Oscar y Juan G\u00e1lvez\u2019 de la Ciudad de Buenos Aires en donde tendremos un evento automovil\u00edstico de primer nivel internacional y que servir\u00e1 para seguir fortaleciendo los planes conjuntos entre Vicar Promo\u00e7\u00f5es Desportivas y Tango Motorsports con la meta puesta en un automovilismo moderno, tecnol\u00f3gico y con pilotos de nivel internacional. Este evento llega en el momento justo y le dar\u00e1 mayor crecimiento, no solo a las dos categor\u00edas, sino tambi\u00e9n a los equipos, pilotos y sus sponsors con presencia en ambos pa\u00edses. Seguramente, esta nueva asociaci\u00f3n estrategia nos llevar\u00e1 a realizar m\u00e1s competencias en conjunto, no solamente en nuestro pa\u00eds y Brasil con el TC2000 sino tambi\u00e9n con otras categor\u00edas de Tango Motorsports tambi\u00e9n Brasil en la temporada 2024\u201d<\/em><\/strong>.<br><br><strong>Rubens Barrichello<\/strong>, subcampe\u00f3n de F\u00f3rmula 1 y actual piloto del Stock Car, expres\u00f3: <strong><em>\u201cFeliz por esta relaci\u00f3n entre el Stock Car y el TC2000. En los dos a\u00f1os que tuve la oportunidad de competir en Argentina, me divert\u00ed y aprend\u00ed mucho. Esta uni\u00f3n es muy importante para el automovilismo sudamericano. No hay que pensar que hay un automovilismo por encima del otro, sino en fortalecer y hermanar nuestras categor\u00edas\u201d<\/em><\/strong>.<br><br><strong>Carlos \u201cCaca\u201d Bueno<\/strong>, piloto del Stock Car, manifest\u00f3: <strong><em>\u201cEs una enorme alegr\u00eda volver a Argentina. Este acuerdo es muy bueno porque Brasil y Argentina son potencias mundiales en automovilismo y lo viven con mucha pasi\u00f3n. Esta uni\u00f3n har\u00e1 crecer al Stock Car y al TC2000. Si podemos unir fuerzas, llevar categor\u00edas de Brasil a Argentina y viceversa, va a ser muy positivo\u201d<\/em><\/strong>.<br><\/p>\n\n\n\n<p><strong>Mat\u00edas Rossi<\/strong>, piloto del equipo Full Time Sports de Stock Car y cinco veces campe\u00f3n de TC2000, dej\u00f3 sus sensaciones: <strong><em>\u201cRubens y Caca son dos pilotos que conocen nuestro automovilismo. Saben la pasi\u00f3n que hay en Argentina y van a estar presentes en una carrera importante como lo son los 200 kil\u00f3metros de Buenos Aires. Va a ser una carrera muy especial por todo lo que me dio el automovilismo de Brasil en este tiempo\u201d<\/em><\/strong>.<br><\/p>\n\n\n\n<p><strong>Leonel Pern\u00eda<\/strong>, dos veces campe\u00f3n de TC2000, dijo: <strong><em>\u201cEl Stock Car de Brasil est\u00e1 teniendo un gran nivel y lo van a poder disfrutar todos los argentinos. Este acuerdo internacional es muy positivo porque son dos categor\u00edas que van a tirar para el mismo lado por el bien del automovilismo. Veo un gran futuro por delante. Lo tenemos que aprovechar\u201d<\/em><\/strong>.<br><\/p>\n\n\n\n<p><strong>Franco Vivian<\/strong>, piloto del YPF Elaion Auro Pro Racing, fue otro de los protagonistas que apoy\u00f3 este importante acuerdo internacional: <strong><em>\u201cEn el Stock Car hay una enorme paridad con pilotos de alto nivel y ser\u00e1 un honor compartir un fin de semana de carrera. Esta ser\u00e1 una gran alianza que seguro va a potenciar a\u00fan m\u00e1s a las dos categor\u00edas a nivel mundial\u201d<\/em><\/strong>.<br><br><strong>Ignacio Montenegro<\/strong>, piloto del equipo Axion Energy Sport TC2000, remarc\u00f3: <strong><em>\u201cEs \u00fanico vivir esta alianza entre el TC2000 y el Stock Car. La oportunidad de compartir un fin de semana con pilotos de la talla de Rubens Barrichello, Caca Bueno y Matias Rossi, me motiva para seguir aprendiendo y creciendo en el TC2000\u201d<\/em><\/strong>.<\/p>\n\n\n\n<p><\/p>\n\n\n\n<figure class=\"wp-block-image size-full\"><a href=\"https:\/\/pilotostotal.com.ar\/web\/wp-content\/uploads\/2023\/04\/2023-04-pilotostotal-acuerdo-tc2000-stockcar-brasil-foto02.jpg\"><img loading=\"lazy\" decoding=\"async\" width=\"500\" height=\"500\" src=\"https:\/\/pilotostotal.com.ar\/web\/wp-content\/uploads\/2023\/04\/2023-04-pilotostotal-acuerdo-tc2000-stockcar-brasil-foto02.jpg\" alt=\"\" class=\"wp-image-679\" srcset=\"https:\/\/pilotostotal.com.ar\/web\/wp-content\/uploads\/2023\/04\/2023-04-pilotostotal-acuerdo-tc2000-stockcar-brasil-foto02.jpg 500w, https:\/\/pilotostotal.com.ar\/web\/wp-content\/uploads\/2023\/04\/2023-04-pilotostotal-acuerdo-tc2000-stockcar-brasil-foto02-300x300.jpg 300w, https:\/\/pilotostotal.com.ar\/web\/wp-content\/uploads\/2023\/04\/2023-04-pilotostotal-acuerdo-tc2000-stockcar-brasil-foto02-150x150.jpg 150w\" sizes=\"auto, (max-width: 500px) 100vw, 500px\" \/><\/a><\/figure>\n","protected":false},"excerpt":{"rendered":"<p>En Buenos Aires, en el sal\u00f3n del Autom\u00f3vil Club Argentino, se anunci\u00f3 oficialmente la alianza&#8230;<\/p>\n","protected":false},"author":3,"featured_media":676,"comment_status":"closed","ping_status":"closed","sticky":false,"template":"","format":"standard","meta":{"_monsterinsights_skip_tracking":false,"_monsterinsights_sitenote_active":false,"_monsterinsights_sitenote_note":"","_monsterinsights_sitenote_category":0,"footnotes":""},"categories":[15],"tags":[46,47,45,20],"class_list":["post-674","post","type-post","status-publish","format-standard","has-post-thumbnail","hentry","category-tc2000","tag-argentina","tag-brasil","tag-stockcar","tag-tc2000"],"aioseo_notices":[],"_links":{"self":[{"href":"https:\/\/pilotostotal.com.ar\/web\/wp-json\/wp\/v2\/posts\/674","targetHints":{"allow":["GET"]}}],"collection":[{"href":"https:\/\/pilotostotal.com.ar\/web\/wp-json\/wp\/v2\/posts"}],"about":[{"href":"https:\/\/pilotostotal.com.ar\/web\/wp-json\/wp\/v2\/types\/post"}],"author":[{"embeddable":true,"href":"https:\/\/pilotostotal.com.ar\/web\/wp-json\/wp\/v2\/users\/3"}],"replies":[{"embeddable":true,"href":"https:\/\/pilotostotal.com.ar\/web\/wp-json\/wp\/v2\/comments?post=674"}],"version-history":[{"count":4,"href":"https:\/\/pilotostotal.com.ar\/web\/wp-json\/wp\/v2\/posts\/674\/revisions"}],"predecessor-version":[{"id":680,"href":"https:\/\/pilotostotal.com.ar\/web\/wp-json\/wp\/v2\/posts\/674\/revisions\/680"}],"wp:featuredmedia":[{"embeddable":true,"href":"https:\/\/pilotostotal.com.ar\/web\/wp-json\/wp\/v2\/media\/676"}],"wp:attachment":[{"href":"https:\/\/pilotostotal.com.ar\/web\/wp-json\/wp\/v2\/media?parent=674"}],"wp:term":[{"taxonomy":"category","embeddable":true,"href":"https:\/\/pilotostotal.com.ar\/web\/wp-json\/wp\/v2\/categories?post=674"},{"taxonomy":"post_tag","embeddable":true,"href":"https:\/\/pilotostotal.com.ar\/web\/wp-json\/wp\/v2\/tags?post=674"}],"curies":[{"name":"wp","href":"https:\/\/api.w.org\/{rel}","templated":true}]}}