{"id":93,"date":"2022-03-20T19:31:00","date_gmt":"2022-03-20T19:31:00","guid":{"rendered":"http:\/\/pilotostotal.com.ar\/web\/?p=93"},"modified":"2022-04-28T00:14:16","modified_gmt":"2022-04-28T00:14:16","slug":"inolvidable-1-2-de-ferrari-en-barein","status":"publish","type":"post","link":"https:\/\/pilotostotal.com.ar\/web\/inolvidable-1-2-de-ferrari-en-barein\/","title":{"rendered":"Inolvidable 1-2 de Ferrari en Barein"},"content":{"rendered":"\n<p>La Scuderia Ferrari empez\u00f3 la temporada 2022 como pudo: <strong>Charles Leclerc<\/strong> adelant\u00f3 en la l\u00ednea de meta a su compa\u00f1ero <strong>Carlos Sainz<\/strong> para alcanzar el octog\u00e9simo quinto doblete de su historia en la F\u00f3rmula 1.  <br>El monegasco fue autor de una carrera perfecta atestiguada por el primer \u00abHat Trick\u00bb de su carrera, es decir, pole position, vuelta r\u00e1pida y victoria en el mismo fin de semana de carrera.&nbsp;Para hacerle compa\u00f1\u00eda Carlos, segundo bajo la bandera a cuadros y quinto podio con la Scuderia (s\u00e9ptimo en F\u00f3rmula 1).<br><\/p>\n\n\n\n<figure class=\"wp-block-gallery columns-2 is-cropped wp-block-gallery-1 is-layout-flex wp-block-gallery-is-layout-flex\"><ul class=\"blocks-gallery-grid\"><li class=\"blocks-gallery-item\"><figure><a href=\"http:\/\/pilotostotal.com.ar\/web\/wp-content\/uploads\/2022\/03\/2022-03-20-carstotal-ferrari-1-2-boxes-scaled.jpg\"><img loading=\"lazy\" decoding=\"async\" width=\"1024\" height=\"683\" src=\"http:\/\/pilotostotal.com.ar\/web\/wp-content\/uploads\/2022\/03\/2022-03-20-carstotal-ferrari-1-2-boxes-1024x683.jpg\" alt=\"\" data-id=\"95\" data-full-url=\"http:\/\/pilotostotal.com.ar\/web\/wp-content\/uploads\/2022\/03\/2022-03-20-carstotal-ferrari-1-2-boxes-scaled.jpg\" data-link=\"http:\/\/pilotostotal.com.ar\/web\/?attachment_id=95\" class=\"wp-image-95\" srcset=\"https:\/\/pilotostotal.com.ar\/web\/wp-content\/uploads\/2022\/03\/2022-03-20-carstotal-ferrari-1-2-boxes-1024x683.jpg 1024w, https:\/\/pilotostotal.com.ar\/web\/wp-content\/uploads\/2022\/03\/2022-03-20-carstotal-ferrari-1-2-boxes-300x200.jpg 300w, https:\/\/pilotostotal.com.ar\/web\/wp-content\/uploads\/2022\/03\/2022-03-20-carstotal-ferrari-1-2-boxes-768x512.jpg 768w, https:\/\/pilotostotal.com.ar\/web\/wp-content\/uploads\/2022\/03\/2022-03-20-carstotal-ferrari-1-2-boxes-1536x1024.jpg 1536w, https:\/\/pilotostotal.com.ar\/web\/wp-content\/uploads\/2022\/03\/2022-03-20-carstotal-ferrari-1-2-boxes-2048x1366.jpg 2048w\" sizes=\"auto, (max-width: 1024px) 100vw, 1024px\" \/><\/a><\/figure><\/li><li class=\"blocks-gallery-item\"><figure><a href=\"http:\/\/pilotostotal.com.ar\/web\/wp-content\/uploads\/2022\/03\/2022-03-20-carstotal-ferrari-1-2-leclerc-sainz-scaled.jpg\"><img loading=\"lazy\" decoding=\"async\" width=\"1024\" height=\"683\" src=\"http:\/\/pilotostotal.com.ar\/web\/wp-content\/uploads\/2022\/03\/2022-03-20-carstotal-ferrari-1-2-leclerc-sainz-1024x683.jpg\" alt=\"\" data-id=\"96\" data-full-url=\"http:\/\/pilotostotal.com.ar\/web\/wp-content\/uploads\/2022\/03\/2022-03-20-carstotal-ferrari-1-2-leclerc-sainz-scaled.jpg\" data-link=\"http:\/\/pilotostotal.com.ar\/web\/?attachment_id=96\" class=\"wp-image-96\" srcset=\"https:\/\/pilotostotal.com.ar\/web\/wp-content\/uploads\/2022\/03\/2022-03-20-carstotal-ferrari-1-2-leclerc-sainz-1024x683.jpg 1024w, https:\/\/pilotostotal.com.ar\/web\/wp-content\/uploads\/2022\/03\/2022-03-20-carstotal-ferrari-1-2-leclerc-sainz-300x200.jpg 300w, https:\/\/pilotostotal.com.ar\/web\/wp-content\/uploads\/2022\/03\/2022-03-20-carstotal-ferrari-1-2-leclerc-sainz-768x512.jpg 768w, https:\/\/pilotostotal.com.ar\/web\/wp-content\/uploads\/2022\/03\/2022-03-20-carstotal-ferrari-1-2-leclerc-sainz-1536x1024.jpg 1536w, https:\/\/pilotostotal.com.ar\/web\/wp-content\/uploads\/2022\/03\/2022-03-20-carstotal-ferrari-1-2-leclerc-sainz-2048x1366.jpg 2048w\" sizes=\"auto, (max-width: 1024px) 100vw, 1024px\" \/><\/a><\/figure><\/li><\/ul><\/figure>\n\n\n\n<p><br><br><strong>Detalles que marcan la diferencia<\/strong>:<br>Leclerc fue autor de una carrera pr\u00e1cticamente perfecta que le vio responder golpe a golpe a los ataques de Max Verstappen cuando tras la primera parada en boxes -entre las vueltas 16 y 19- el holand\u00e9s intent\u00f3 el undercut.&nbsp;Pero la contribuci\u00f3n de ingenieros y mec\u00e1nicos tambi\u00e9n fue fundamental para el \u00e9xito de Charles.&nbsp;La estrategia elegida por el equipo consist\u00eda en arrancarle con nuevos neum\u00e1ticos Blandos, confiando en la gran destreza del monegasco en la salida -confirmada hoy una vez m\u00e1s- para ponerle en condiciones de tirar al m\u00e1ximo con su F1-75 en la primera escatimar.&nbsp;En ambas paradas en boxes, la mec\u00e1nica fue impecable y, especialmente en la segunda parada, permiti\u00f3 a Leclerc ganar preciosas d\u00e9cimas sobre Verstappen para asegurarle el segundo intento de socavamiento del campe\u00f3n del mundo.<br><br><strong>S\u00f3lido Carlos<\/strong>:&nbsp;<br>Cuando la parada de Pierre Gasly en la pista en la vuelta 45 oblig\u00f3 a la direcci\u00f3n de la carrera a dejar entrar al Safety Car, el equipo aprovech\u00f3 la oportunidad para cambiar los neum\u00e1ticos de Charles, protegi\u00e9ndolo de posibles ataques de Verstappen.&nbsp;En la reanudaci\u00f3n Carlos, a pesar de un fin de semana en el que no se sinti\u00f3 del todo c\u00f3modo con el coche, consigui\u00f3 adelantar en pista al holand\u00e9s antes de su retirada, completando as\u00ed un fin de semana inolvidable para la Scuderia de Bahr\u00e9in.&nbsp;Charles por primera vez en su carrera lidera el ranking mundial.<br><br><strong>Inmediatamente en la pista<\/strong>:<br>Esta noche en Bar\u00e9in el equipo est\u00e1 de fiesta, pero a partir de ma\u00f1ana la concentraci\u00f3n volver\u00e1 al m\u00e1ximo porque el pr\u00f3ximo viernes volver\u00e1n a la pista para disputar la segunda carrera de la temporada, el Gran Premio de Arabia Saud\u00ed en el circuito de Jeddah Corniche.<\/p>\n\n\n\n<p><strong>Charles Leclerc # 16<\/strong><br><strong>\u00ab<em>Al comienzo de esta temporada, sab\u00edamos que estar\u00edamos en una mejor posici\u00f3n que en los \u00faltimos dos a\u00f1os, pero no pod\u00edamos decir exactamente d\u00f3nde est\u00e1bamos.&nbsp;Volver a estar en la cima con un auto capaz de ganar carreras me hace sentir incre\u00edblemente feliz.<br>Un agradecimiento enorme a todo el equipo, porque se ha hecho un trabajo incre\u00edble y es un placer dedicar esta victoria a toda la gente que est\u00e1 en Ferrari.<br>La carrera estuvo muy apretada y lo di todo.&nbsp;Logr\u00e9 ganar bastante ventaja sobre Max (Verstappen), me sent\u00ed c\u00f3modo en el auto y pude manejar la situaci\u00f3n sin demasiada dificultad.&nbsp;Sin embargo, despu\u00e9s de la primera parada, la situaci\u00f3n se volvi\u00f3 m\u00e1s dif\u00edcil: Max me atac\u00f3 tres veces, pero siempre pude reaccionar de inmediato y contraatacar.&nbsp;Cuando el Safety Car entr\u00f3 en pista perdimos toda la ventaja acumulada y tuvimos que empezar de cero.&nbsp;En ese momento supe que ten\u00eda que poner en marcha el mejor reinicio posible y estoy feliz de que todo sali\u00f3 como pensaba.<br>El desarrollo del coche esta temporada tendr\u00e1 un mayor peso que en a\u00f1os anteriores y para ello hay que seguir trabajando duro.&nbsp;En este fin de semana, sin embargo, no hicimos nada malo: pole position, vuelta r\u00e1pida, victoria y segundo puesto.&nbsp;Qu\u00e9 puedo decir&#8230; \u00a1Vamos Ferrari!<\/em>\u00ab<\/strong><\/p>\n\n\n\n<p><strong>Carlos Sainz #55<\/strong><em><br>Este es sin duda un gran d\u00eda para celebrarlo todo el equipo.&nbsp;Charles tuvo una carrera perfecta y comenzar la temporada con un aparato ortop\u00e9dico es la recompensa perfecta por el trabajo incansable que ha realizado durante los \u00faltimos dos a\u00f1os.<br><strong>\u00abQueremos compartir esta alegr\u00eda con todos nuestros fan\u00e1ticos alrededor del mundo porque siempre sentimos su apoyo, incluso cuando no est\u00e1bamos ganando.<br>Si miro mi carrera debo decir que estoy muy contento con el resultado pero no tanto con mi carrera.&nbsp;Probablemente ha sido uno de los m\u00e1s dif\u00edciles desde que estoy con Ferrari.&nbsp;Fui m\u00e1s lento que Charles todo el fin de semana y el s\u00e1bado me sent\u00ed c\u00f3modo con el auto solo en la Q2 y la Q3.<br>Ahora es el momento de celebrar este fant\u00e1stico d\u00eda porque todos en el equipo se lo merecen despu\u00e9s de lo que han hecho para que Ferrari vuelva a estar donde se merece, pero a partir de ma\u00f1ana hay que analizar cada detalle de este fin de semana para entender lo que a\u00fan falta. para sentirme completamente c\u00f3modo con el coche y ser m\u00e1s competitivo a partir de la pr\u00f3xima carrera en Arabia Saud\u00ed\u00bb.<\/strong><\/em><\/p>\n\n\n\n<p><strong>Mattia Binotto<\/strong><br>Team Principal &amp; Director General de Scuder\u00eda Ferrari<em><br><strong>\u00abEstoy encantado con este resultado.\u00a0La carrera de hoy refleja la bondad de lo hecho en Maranello en estos dos a\u00f1os por un equipo en el que, personalmente, siempre he cre\u00eddo.\u00a0Es un grupo que ha sabido trabajar en conjunto y reaccionar ante las dificultades.\u00a0Es bueno ver que volvemos a luchar por el primer puesto, nuestro objetivo esta temporada.<br>Para ganar en esta categor\u00eda hay que ser perfecto y hoy lo hemos sido todos: los pilotos, los F1-75, los ingenieros con las estrategias y las mec\u00e1nicas, impecables en los pits y viendo como el equipo ha sabido sacar el m\u00e1ximo partido a cada oportunidad me llena de orgullo\u00bb.<br>\u00abEsta noche quer\u00eda subir al podio para recoger el trofeo de fabricante porque sent\u00eda que era la mejor manera de representar a todo el equipo, en casa y aqu\u00ed en Bahrein.\u00a0Tengo que reconocer que me emocion\u00e9, y si pienso en la afici\u00f3n que siempre nos ha apoyado, incluso en los momentos menos f\u00e1ciles, reconozco que estoy deseando estar en Imola para correr delante de todos ellos\u00bb.<\/strong><\/em><br><br><br><\/p>\n\n\n\n<figure class=\"wp-block-table\"><table><tbody><tr><th scope=\"col\">Pos<\/th><th scope=\"col\">Piloto<\/th><th scope=\"col\">Tiempo<\/th><th scope=\"col\">Pts<\/th><th scope=\"col\"><\/th><\/tr><tr><th>1<\/th><td><img decoding=\"async\" alt=\"M\u00f3naco\" height=\"24\" src=\"https:\/\/ssl.gstatic.com\/onebox\/media\/sports\/logos\/CpHtpHDYt6p7c2iQiM324g_48x48.png\"><\/td><td>C. LeclercFerrari\u00b7#16<\/td><td>1:37:33.584<\/td><td>26<\/td><td><\/td><\/tr><tr><th>2<\/th><td><img decoding=\"async\" alt=\"Espa\u00f1a\" height=\"24\" src=\"https:\/\/ssl.gstatic.com\/onebox\/media\/sports\/logos\/5hLkf7KFHhmpaiOJQv8LmA_48x48.png\"><\/td><td>C. Sainz Jr.Ferrari\u00b7#55<\/td><td>+5.598s<\/td><td>18<\/td><td><\/td><\/tr><tr><th>3<\/th><td><img decoding=\"async\" alt=\"Reino Unido\" height=\"24\" src=\"https:\/\/ssl.gstatic.com\/onebox\/media\/sports\/logos\/6HRpt1RF_AbDUftxgVUoEw_48x48.png\"><\/td><td>L. HamiltonMercedes\u00b7#44<\/td><td>+9.675s<\/td><td>15<\/td><td><\/td><\/tr><tr><th>4<\/th><td><img decoding=\"async\" alt=\"Reino Unido\" height=\"24\" src=\"https:\/\/ssl.gstatic.com\/onebox\/media\/sports\/logos\/6HRpt1RF_AbDUftxgVUoEw_48x48.png\"><\/td><td>G. RussellMercedes\u00b7#63<\/td><td>+11.211s<\/td><td>12<\/td><td><\/td><\/tr><tr><th>5<\/th><td><img decoding=\"async\" alt=\"Dinamarca\" height=\"24\" src=\"https:\/\/ssl.gstatic.com\/onebox\/media\/sports\/logos\/LaOvu-pyRqRso6uzff55XA_48x48.png\"><\/td><td>K. MagnussenHaas\u00b7#20<\/td><td>+14.754s<\/td><td>10<\/td><td><\/td><\/tr><\/tbody><\/table><\/figure>\n\n\n\n<figure class=\"wp-block-table\"><table><tbody><tr><th>6<\/th><td><img decoding=\"async\" alt=\"Finlandia\" height=\"24\" src=\"https:\/\/ssl.gstatic.com\/onebox\/media\/sports\/logos\/OR16mUDJv-0yTyh-jxlaKQ_48x48.png\"><\/td><td>V. BottasAlfa Romeo\u00b7#77<\/td><td>+16.119s<\/td><td>8<\/td><td><\/td><\/tr><tr><th>7<\/th><td><img decoding=\"async\" alt=\"Francia\" height=\"24\" src=\"https:\/\/ssl.gstatic.com\/onebox\/media\/sports\/logos\/z3JEQB3coEAGLCJBEUzQ2A_48x48.png\"><\/td><td>E. OconAlpine F1 Team\u00b7#31<\/td><td>+19.423s<\/td><td>6<\/td><td><\/td><\/tr><tr><th>8<\/th><td><img decoding=\"async\" alt=\"Jap\u00f3n\" height=\"24\" src=\"https:\/\/ssl.gstatic.com\/onebox\/media\/sports\/logos\/by4OltvtZz7taxuQtkiP3A_48x48.png\"><\/td><td>Y. TsunodaAlphaTauri\u00b7#22<\/td><td>+20.386s<\/td><td>4<\/td><td><\/td><\/tr><tr><th>9<\/th><td><img decoding=\"async\" alt=\"Espa\u00f1a\" height=\"24\" src=\"https:\/\/ssl.gstatic.com\/onebox\/media\/sports\/logos\/5hLkf7KFHhmpaiOJQv8LmA_48x48.png\"><\/td><td>F. AlonsoAlpine F1 Team\u00b7#14<\/td><td>+22.390s<\/td><td>2<\/td><td><\/td><\/tr><tr><th>10<\/th><td><img decoding=\"async\" alt=\"China\" height=\"24\" src=\"https:\/\/ssl.gstatic.com\/onebox\/media\/sports\/logos\/8Cr5Gw-79PpIX2rIEZ7Pvg_48x48.png\"><\/td><td>G. ZhouAlfa Romeo\u00b7#24<\/td><td>+23.064s<\/td><td>1<\/td><td><\/td><\/tr><tr><th>11<\/th><td><img decoding=\"async\" alt=\"Alemania\" height=\"24\" src=\"https:\/\/ssl.gstatic.com\/onebox\/media\/sports\/logos\/h1FhPLmDg9AHXzhygqvVPg_48x48.png\"><\/td><td>M. SchumacherHaas\u00b7#47<\/td><td>+32.574s<\/td><td>0<\/td><td><\/td><\/tr><tr><th>12<\/th><td><img decoding=\"async\" alt=\"Canad\u00e1\" height=\"24\" src=\"https:\/\/ssl.gstatic.com\/onebox\/media\/sports\/logos\/H23oIEP6qK-zNc3O8abnIA_48x48.png\"><\/td><td>L. StrollAston Martin\u00b7#18<\/td><td>+45.873s<\/td><td>0<\/td><td><\/td><\/tr><tr><th>13<\/th><td><img decoding=\"async\" alt=\"Tailandia\" height=\"24\" src=\"https:\/\/ssl.gstatic.com\/onebox\/media\/sports\/logos\/aEBU_ri8U6F06oTqWmKY5g_48x48.png\"><\/td><td>A. AlbonWilliams\u00b7#23<\/td><td>+53.932s<\/td><td>0<\/td><td><\/td><\/tr><tr><th>14<\/th><td><img decoding=\"async\" alt=\"Australia\" height=\"24\" src=\"https:\/\/ssl.gstatic.com\/onebox\/media\/sports\/logos\/jSgw5z0EPOLzdUi-Aomq7Q_48x48.png\"><\/td><td>D. RicciardoMcLaren\u00b7#3<\/td><td>+54.975s<\/td><td>0<\/td><td><\/td><\/tr><tr><th>15<\/th><td><img decoding=\"async\" alt=\"Reino Unido\" height=\"24\" src=\"https:\/\/ssl.gstatic.com\/onebox\/media\/sports\/logos\/6HRpt1RF_AbDUftxgVUoEw_48x48.png\"><\/td><td>L. NorrisMcLaren\u00b7#4<\/td><td>+56.335s<\/td><td>0<\/td><td><\/td><\/tr><tr><th>16<\/th><td><img decoding=\"async\" alt=\"Canad\u00e1\" height=\"24\" src=\"https:\/\/ssl.gstatic.com\/onebox\/media\/sports\/logos\/H23oIEP6qK-zNc3O8abnIA_48x48.png\"><\/td><td>N. LatifiWilliams\u00b7#6<\/td><td>+61.795s<\/td><td>0<\/td><td><\/td><\/tr><tr><th>17<\/th><td><img decoding=\"async\" alt=\"Alemania\" height=\"24\" src=\"https:\/\/ssl.gstatic.com\/onebox\/media\/sports\/logos\/h1FhPLmDg9AHXzhygqvVPg_48x48.png\"><\/td><td>N. HulkenbergAston Martin\u00b7#27<\/td><td>+63.829s<\/td><td>0<\/td><td><\/td><\/tr><tr><th>18<\/th><td><img decoding=\"async\" alt=\"M\u00e9xico\" height=\"24\" src=\"https:\/\/ssl.gstatic.com\/onebox\/media\/sports\/logos\/yJF9xqmUGenD8108FJbg9A_48x48.png\"><\/td><td>S. PerezRed Bull\u00b7#11<\/td><td>NT<\/td><td>0<\/td><td><\/td><\/tr><tr><th>19<\/th><td><img decoding=\"async\" alt=\"Pa\u00edses Bajos\" height=\"24\" src=\"https:\/\/ssl.gstatic.com\/onebox\/media\/sports\/logos\/8GEqzfLegwFFpe6X2BODTg_48x48.png\"><\/td><td>M. VerstappenRed Bull\u00b7#1<\/td><td>NT<\/td><td>0<\/td><td><\/td><\/tr><tr><th>20<\/th><td><img decoding=\"async\" alt=\"Francia\" height=\"24\" src=\"https:\/\/ssl.gstatic.com\/onebox\/media\/sports\/logos\/z3JEQB3coEAGLCJBEUzQ2A_48x48.png\"><\/td><td>P. GaslyAlphaTauri\u00b7#10<\/td><td>NT<\/td><td>0<\/td><td><\/td><\/tr><\/tbody><\/table><\/figure>\n","protected":false},"excerpt":{"rendered":"<p>Para la escuder\u00eda de Maranello esta es la victoria n\u00famero uno 239, mientras que para Charles es su tercer triunfo tras los de B\u00e9lgica e Italia en 2019<\/p>\n","protected":false},"author":3,"featured_media":94,"comment_status":"closed","ping_status":"closed","sticky":false,"template":"","format":"standard","meta":{"_monsterinsights_skip_tracking":false,"_monsterinsights_sitenote_active":false,"_monsterinsights_sitenote_note":"","_monsterinsights_sitenote_category":0,"footnotes":""},"categories":[11],"tags":[13,12],"class_list":["post-93","post","type-post","status-publish","format-standard","has-post-thumbnail","hentry","category-formula-1","tag-ferrari","tag-formula1"],"aioseo_notices":[],"_links":{"self":[{"href":"https:\/\/pilotostotal.com.ar\/web\/wp-json\/wp\/v2\/posts\/93","targetHints":{"allow":["GET"]}}],"collection":[{"href":"https:\/\/pilotostotal.com.ar\/web\/wp-json\/wp\/v2\/posts"}],"about":[{"href":"https:\/\/pilotostotal.com.ar\/web\/wp-json\/wp\/v2\/types\/post"}],"author":[{"embeddable":true,"href":"https:\/\/pilotostotal.com.ar\/web\/wp-json\/wp\/v2\/users\/3"}],"replies":[{"embeddable":true,"href":"https:\/\/pilotostotal.com.ar\/web\/wp-json\/wp\/v2\/comments?post=93"}],"version-history":[{"count":3,"href":"https:\/\/pilotostotal.com.ar\/web\/wp-json\/wp\/v2\/posts\/93\/revisions"}],"predecessor-version":[{"id":271,"href":"https:\/\/pilotostotal.com.ar\/web\/wp-json\/wp\/v2\/posts\/93\/revisions\/271"}],"wp:featuredmedia":[{"embeddable":true,"href":"https:\/\/pilotostotal.com.ar\/web\/wp-json\/wp\/v2\/media\/94"}],"wp:attachment":[{"href":"https:\/\/pilotostotal.com.ar\/web\/wp-json\/wp\/v2\/media?parent=93"}],"wp:term":[{"taxonomy":"category","embeddable":true,"href":"https:\/\/pilotostotal.com.ar\/web\/wp-json\/wp\/v2\/categories?post=93"},{"taxonomy":"post_tag","embeddable":true,"href":"https:\/\/pilotostotal.com.ar\/web\/wp-json\/wp\/v2\/tags?post=93"}],"curies":[{"name":"wp","href":"https:\/\/api.w.org\/{rel}","templated":true}]}}