{"id":968,"date":"2025-05-26T18:06:40","date_gmt":"2025-05-26T18:06:40","guid":{"rendered":"https:\/\/pilotostotal.com.ar\/web\/?p=968"},"modified":"2025-05-27T18:12:40","modified_gmt":"2025-05-27T18:12:40","slug":"formula-1-gp-de-monaco","status":"publish","type":"post","link":"https:\/\/pilotostotal.com.ar\/web\/formula-1-gp-de-monaco\/","title":{"rendered":"F\u00f3rmula 1: GP de M\u00f3naco"},"content":{"rendered":"\n<p><strong>Pierre Gasly:<\/strong><em>&nbsp;<strong>\u201cNunca es bueno terminar una carrera tan temprano. Obviamente, es un resultado muy frustrante para el equipo. Aunque, viendo c\u00f3mo se dio la carrera, las oportunidades eran muy limitadas largando desde tan atr\u00e1s en la grilla. Sobre el incidente, no esperaba que Yuki [Tsunoda] se moviera tanto durante la frenada. Cometi\u00f3 un error antes del t\u00fanel y empez\u00f3 a frenar por el lado izquierdo de la pista, luego se movi\u00f3 a la derecha y me dej\u00f3 sin espacio. Hab\u00edamos parado en la primera vuelta y quiz\u00e1 eso nos hubiera dado alguna oportunidad m\u00e1s adelante. Parece que la mayor\u00eda de los autos terminaron donde largaron, salvo los abandonos y las penalizaciones. Ahora tenemos que pensar en Espa\u00f1a y apuntar a mejorar nuestro nivel de rendimiento.\u201d<\/strong><\/em><\/p>\n\n\n\n<p><strong>Franco Colapinto<\/strong><em>:&nbsp;<strong>\u201cLargando desde el puesto dieciocho hoy, era muy dif\u00edcil pensar en entrar en los puntos, especialmente en una carrera con tan poca acci\u00f3n. Dir\u00eda que terminar decimotercero fue lo m\u00e1ximo que realmente pod\u00edamos lograr, con todo el tr\u00e1fico y las diferentes t\u00e1cticas de los dem\u00e1s equipos. Con el incidente de Pierre, decidimos adelantar la parada. Desde ese momento fue una carrera dif\u00edcil, cerrando un fin de semana complicado ac\u00e1 en M\u00f3naco. Tuvimos problemas con el balance en curvas lentas y simplemente no pudimos hacer que el auto funcionara como quer\u00edamos. Vamos a seguir trabajando duro de cara al pr\u00f3ximo Gran Premio en Espa\u00f1a, en un circuito m\u00e1s convencional.\u201d<\/strong><\/em><\/p>\n\n\n\n<p><strong>Flavio Briatore<\/strong><em>:&nbsp;<strong>\u201cSab\u00edamos que iba a ser dif\u00edcil por las posiciones de largada. Con Pierre quisimos intentar algo distinto parando temprano para ver si aparec\u00edan oportunidades. Despu\u00e9s tuvo un incidente con Tsunoda y eso fue el final de su carrera. Como se vio, otros equipos jugaron con algunas estrategias bastante creativas. Franco hizo un buen trabajo, sin errores, con buen ritmo considerando el tr\u00e1fico, y sin dudas se lleva aprendizajes importantes y un refuerzo en la confianza. En el fondo, no somos lo suficientemente r\u00e1pidos. Veremos c\u00f3mo estamos en Espa\u00f1a, en un circuito m\u00e1s completo, con cierta expectativa por las nuevas alas.\u201d<\/strong><\/em><\/p>\n\n\n\n<p><\/p>\n\n\n\n<figure class=\"wp-block-gallery has-nested-images columns-2 is-cropped wp-block-gallery-1 is-layout-flex wp-block-gallery-is-layout-flex\">\n<figure class=\"wp-block-image size-large\"><a href=\"https:\/\/pilotostotal.com.ar\/web\/wp-content\/uploads\/2025\/05\/carstotal-BWT-Alpine-Formula-One-Team-2025-Formula-One-Monaco-Grand-Prix-Sunday-1.jpg\"><img loading=\"lazy\" decoding=\"async\" width=\"1024\" height=\"682\" data-id=\"971\" src=\"https:\/\/pilotostotal.com.ar\/web\/wp-content\/uploads\/2025\/05\/carstotal-BWT-Alpine-Formula-One-Team-2025-Formula-One-Monaco-Grand-Prix-Sunday-1-1024x682.jpg\" alt=\"\" class=\"wp-image-971\" srcset=\"https:\/\/pilotostotal.com.ar\/web\/wp-content\/uploads\/2025\/05\/carstotal-BWT-Alpine-Formula-One-Team-2025-Formula-One-Monaco-Grand-Prix-Sunday-1-1024x682.jpg 1024w, https:\/\/pilotostotal.com.ar\/web\/wp-content\/uploads\/2025\/05\/carstotal-BWT-Alpine-Formula-One-Team-2025-Formula-One-Monaco-Grand-Prix-Sunday-1-300x200.jpg 300w, https:\/\/pilotostotal.com.ar\/web\/wp-content\/uploads\/2025\/05\/carstotal-BWT-Alpine-Formula-One-Team-2025-Formula-One-Monaco-Grand-Prix-Sunday-1-768x512.jpg 768w, https:\/\/pilotostotal.com.ar\/web\/wp-content\/uploads\/2025\/05\/carstotal-BWT-Alpine-Formula-One-Team-2025-Formula-One-Monaco-Grand-Prix-Sunday-1.jpg 1280w\" sizes=\"auto, (max-width: 1024px) 100vw, 1024px\" \/><\/a><\/figure>\n\n\n\n<figure class=\"wp-block-image size-large\"><a href=\"https:\/\/pilotostotal.com.ar\/web\/wp-content\/uploads\/2025\/05\/carstotal-BWT-Alpine-Formula-One-Team-2025-Formula-One-Monaco-Grand-Prix-Sunday-2.jpg\"><img loading=\"lazy\" decoding=\"async\" width=\"1024\" height=\"682\" data-id=\"973\" src=\"https:\/\/pilotostotal.com.ar\/web\/wp-content\/uploads\/2025\/05\/carstotal-BWT-Alpine-Formula-One-Team-2025-Formula-One-Monaco-Grand-Prix-Sunday-2-1024x682.jpg\" alt=\"\" class=\"wp-image-973\" srcset=\"https:\/\/pilotostotal.com.ar\/web\/wp-content\/uploads\/2025\/05\/carstotal-BWT-Alpine-Formula-One-Team-2025-Formula-One-Monaco-Grand-Prix-Sunday-2-1024x682.jpg 1024w, https:\/\/pilotostotal.com.ar\/web\/wp-content\/uploads\/2025\/05\/carstotal-BWT-Alpine-Formula-One-Team-2025-Formula-One-Monaco-Grand-Prix-Sunday-2-300x200.jpg 300w, https:\/\/pilotostotal.com.ar\/web\/wp-content\/uploads\/2025\/05\/carstotal-BWT-Alpine-Formula-One-Team-2025-Formula-One-Monaco-Grand-Prix-Sunday-2-768x512.jpg 768w, https:\/\/pilotostotal.com.ar\/web\/wp-content\/uploads\/2025\/05\/carstotal-BWT-Alpine-Formula-One-Team-2025-Formula-One-Monaco-Grand-Prix-Sunday-2.jpg 1280w\" sizes=\"auto, (max-width: 1024px) 100vw, 1024px\" \/><\/a><\/figure>\n\n\n\n<figure class=\"wp-block-image size-large\"><a href=\"https:\/\/pilotostotal.com.ar\/web\/wp-content\/uploads\/2025\/05\/carstotal-BWT-Alpine-Formula-One-Team-2025-Formula-One-Monaco-Grand-Prix-Sunday-3.jpg\"><img loading=\"lazy\" decoding=\"async\" width=\"1024\" height=\"682\" data-id=\"972\" src=\"https:\/\/pilotostotal.com.ar\/web\/wp-content\/uploads\/2025\/05\/carstotal-BWT-Alpine-Formula-One-Team-2025-Formula-One-Monaco-Grand-Prix-Sunday-3-1024x682.jpg\" alt=\"\" class=\"wp-image-972\" srcset=\"https:\/\/pilotostotal.com.ar\/web\/wp-content\/uploads\/2025\/05\/carstotal-BWT-Alpine-Formula-One-Team-2025-Formula-One-Monaco-Grand-Prix-Sunday-3-1024x682.jpg 1024w, https:\/\/pilotostotal.com.ar\/web\/wp-content\/uploads\/2025\/05\/carstotal-BWT-Alpine-Formula-One-Team-2025-Formula-One-Monaco-Grand-Prix-Sunday-3-300x200.jpg 300w, https:\/\/pilotostotal.com.ar\/web\/wp-content\/uploads\/2025\/05\/carstotal-BWT-Alpine-Formula-One-Team-2025-Formula-One-Monaco-Grand-Prix-Sunday-3-768x512.jpg 768w, https:\/\/pilotostotal.com.ar\/web\/wp-content\/uploads\/2025\/05\/carstotal-BWT-Alpine-Formula-One-Team-2025-Formula-One-Monaco-Grand-Prix-Sunday-3.jpg 1280w\" sizes=\"auto, (max-width: 1024px) 100vw, 1024px\" \/><\/a><\/figure>\n\n\n\n<figure class=\"wp-block-image size-large\"><a href=\"https:\/\/pilotostotal.com.ar\/web\/wp-content\/uploads\/2025\/05\/carstotal-BWT-Alpine-Formula-One-Team-2025-Formula-One-Monaco-Grand-Prix-Sunday-4.jpg\"><img loading=\"lazy\" decoding=\"async\" width=\"1024\" height=\"682\" data-id=\"977\" src=\"https:\/\/pilotostotal.com.ar\/web\/wp-content\/uploads\/2025\/05\/carstotal-BWT-Alpine-Formula-One-Team-2025-Formula-One-Monaco-Grand-Prix-Sunday-4-1024x682.jpg\" alt=\"\" class=\"wp-image-977\" srcset=\"https:\/\/pilotostotal.com.ar\/web\/wp-content\/uploads\/2025\/05\/carstotal-BWT-Alpine-Formula-One-Team-2025-Formula-One-Monaco-Grand-Prix-Sunday-4-1024x682.jpg 1024w, https:\/\/pilotostotal.com.ar\/web\/wp-content\/uploads\/2025\/05\/carstotal-BWT-Alpine-Formula-One-Team-2025-Formula-One-Monaco-Grand-Prix-Sunday-4-300x200.jpg 300w, https:\/\/pilotostotal.com.ar\/web\/wp-content\/uploads\/2025\/05\/carstotal-BWT-Alpine-Formula-One-Team-2025-Formula-One-Monaco-Grand-Prix-Sunday-4-768x512.jpg 768w, https:\/\/pilotostotal.com.ar\/web\/wp-content\/uploads\/2025\/05\/carstotal-BWT-Alpine-Formula-One-Team-2025-Formula-One-Monaco-Grand-Prix-Sunday-4.jpg 1280w\" sizes=\"auto, (max-width: 1024px) 100vw, 1024px\" \/><\/a><\/figure>\n\n\n\n<figure class=\"wp-block-image size-large\"><a href=\"https:\/\/pilotostotal.com.ar\/web\/wp-content\/uploads\/2025\/05\/carstotal-BWT-Alpine-Formula-One-Team-2025-Formula-One-Monaco-Grand-Prix-Sunday-5-1.jpg\"><img loading=\"lazy\" decoding=\"async\" width=\"1024\" height=\"682\" data-id=\"980\" src=\"https:\/\/pilotostotal.com.ar\/web\/wp-content\/uploads\/2025\/05\/carstotal-BWT-Alpine-Formula-One-Team-2025-Formula-One-Monaco-Grand-Prix-Sunday-5-1-1024x682.jpg\" alt=\"\" class=\"wp-image-980\" srcset=\"https:\/\/pilotostotal.com.ar\/web\/wp-content\/uploads\/2025\/05\/carstotal-BWT-Alpine-Formula-One-Team-2025-Formula-One-Monaco-Grand-Prix-Sunday-5-1-1024x682.jpg 1024w, https:\/\/pilotostotal.com.ar\/web\/wp-content\/uploads\/2025\/05\/carstotal-BWT-Alpine-Formula-One-Team-2025-Formula-One-Monaco-Grand-Prix-Sunday-5-1-300x200.jpg 300w, https:\/\/pilotostotal.com.ar\/web\/wp-content\/uploads\/2025\/05\/carstotal-BWT-Alpine-Formula-One-Team-2025-Formula-One-Monaco-Grand-Prix-Sunday-5-1-768x512.jpg 768w, https:\/\/pilotostotal.com.ar\/web\/wp-content\/uploads\/2025\/05\/carstotal-BWT-Alpine-Formula-One-Team-2025-Formula-One-Monaco-Grand-Prix-Sunday-5-1.jpg 1280w\" sizes=\"auto, (max-width: 1024px) 100vw, 1024px\" \/><\/a><\/figure>\n\n\n\n<figure class=\"wp-block-image size-large\"><a href=\"https:\/\/pilotostotal.com.ar\/web\/wp-content\/uploads\/2025\/05\/carstotal-BWT-Alpine-Formula-One-Team-2025-Formula-One-Monaco-Grand-Prix-Sunday-6-1.jpg\"><img loading=\"lazy\" decoding=\"async\" width=\"1024\" height=\"682\" data-id=\"981\" src=\"https:\/\/pilotostotal.com.ar\/web\/wp-content\/uploads\/2025\/05\/carstotal-BWT-Alpine-Formula-One-Team-2025-Formula-One-Monaco-Grand-Prix-Sunday-6-1-1024x682.jpg\" alt=\"\" class=\"wp-image-981\" srcset=\"https:\/\/pilotostotal.com.ar\/web\/wp-content\/uploads\/2025\/05\/carstotal-BWT-Alpine-Formula-One-Team-2025-Formula-One-Monaco-Grand-Prix-Sunday-6-1-1024x682.jpg 1024w, https:\/\/pilotostotal.com.ar\/web\/wp-content\/uploads\/2025\/05\/carstotal-BWT-Alpine-Formula-One-Team-2025-Formula-One-Monaco-Grand-Prix-Sunday-6-1-300x200.jpg 300w, https:\/\/pilotostotal.com.ar\/web\/wp-content\/uploads\/2025\/05\/carstotal-BWT-Alpine-Formula-One-Team-2025-Formula-One-Monaco-Grand-Prix-Sunday-6-1-768x512.jpg 768w, https:\/\/pilotostotal.com.ar\/web\/wp-content\/uploads\/2025\/05\/carstotal-BWT-Alpine-Formula-One-Team-2025-Formula-One-Monaco-Grand-Prix-Sunday-6-1.jpg 1280w\" sizes=\"auto, (max-width: 1024px) 100vw, 1024px\" \/><\/a><\/figure>\n\n\n\n<figure class=\"wp-block-image size-large\"><a href=\"https:\/\/pilotostotal.com.ar\/web\/wp-content\/uploads\/2025\/05\/carstotal-BWT-Alpine-Formula-One-Team-2025-Formula-One-Monaco-Grand-Prix-Sunday-7.jpg\"><img loading=\"lazy\" decoding=\"async\" width=\"1024\" height=\"682\" data-id=\"978\" src=\"https:\/\/pilotostotal.com.ar\/web\/wp-content\/uploads\/2025\/05\/carstotal-BWT-Alpine-Formula-One-Team-2025-Formula-One-Monaco-Grand-Prix-Sunday-7-1024x682.jpg\" alt=\"\" class=\"wp-image-978\" srcset=\"https:\/\/pilotostotal.com.ar\/web\/wp-content\/uploads\/2025\/05\/carstotal-BWT-Alpine-Formula-One-Team-2025-Formula-One-Monaco-Grand-Prix-Sunday-7-1024x682.jpg 1024w, https:\/\/pilotostotal.com.ar\/web\/wp-content\/uploads\/2025\/05\/carstotal-BWT-Alpine-Formula-One-Team-2025-Formula-One-Monaco-Grand-Prix-Sunday-7-300x200.jpg 300w, https:\/\/pilotostotal.com.ar\/web\/wp-content\/uploads\/2025\/05\/carstotal-BWT-Alpine-Formula-One-Team-2025-Formula-One-Monaco-Grand-Prix-Sunday-7-768x512.jpg 768w, https:\/\/pilotostotal.com.ar\/web\/wp-content\/uploads\/2025\/05\/carstotal-BWT-Alpine-Formula-One-Team-2025-Formula-One-Monaco-Grand-Prix-Sunday-7.jpg 1280w\" sizes=\"auto, (max-width: 1024px) 100vw, 1024px\" \/><\/a><\/figure>\n\n\n\n<figure class=\"wp-block-image size-large\"><a href=\"https:\/\/pilotostotal.com.ar\/web\/wp-content\/uploads\/2025\/05\/carstotal-BWT-Alpine-Formula-One-Team-2025-Formula-One-Monaco-Grand-Prix-Sunday-8.jpg\"><img loading=\"lazy\" decoding=\"async\" width=\"1024\" height=\"684\" data-id=\"976\" src=\"https:\/\/pilotostotal.com.ar\/web\/wp-content\/uploads\/2025\/05\/carstotal-BWT-Alpine-Formula-One-Team-2025-Formula-One-Monaco-Grand-Prix-Sunday-8-1024x684.jpg\" alt=\"\" class=\"wp-image-976\" srcset=\"https:\/\/pilotostotal.com.ar\/web\/wp-content\/uploads\/2025\/05\/carstotal-BWT-Alpine-Formula-One-Team-2025-Formula-One-Monaco-Grand-Prix-Sunday-8-1024x684.jpg 1024w, https:\/\/pilotostotal.com.ar\/web\/wp-content\/uploads\/2025\/05\/carstotal-BWT-Alpine-Formula-One-Team-2025-Formula-One-Monaco-Grand-Prix-Sunday-8-300x200.jpg 300w, https:\/\/pilotostotal.com.ar\/web\/wp-content\/uploads\/2025\/05\/carstotal-BWT-Alpine-Formula-One-Team-2025-Formula-One-Monaco-Grand-Prix-Sunday-8-768x513.jpg 768w, https:\/\/pilotostotal.com.ar\/web\/wp-content\/uploads\/2025\/05\/carstotal-BWT-Alpine-Formula-One-Team-2025-Formula-One-Monaco-Grand-Prix-Sunday-8.jpg 1280w\" sizes=\"auto, (max-width: 1024px) 100vw, 1024px\" \/><\/a><\/figure>\n\n\n\n<figure class=\"wp-block-image size-large\"><a href=\"https:\/\/pilotostotal.com.ar\/web\/wp-content\/uploads\/2025\/05\/carstotal-BWT-Alpine-Formula-One-Team-2025-Formula-One-Monaco-Grand-Prix-Sunday-9.jpg\"><img loading=\"lazy\" decoding=\"async\" width=\"1024\" height=\"682\" data-id=\"979\" src=\"https:\/\/pilotostotal.com.ar\/web\/wp-content\/uploads\/2025\/05\/carstotal-BWT-Alpine-Formula-One-Team-2025-Formula-One-Monaco-Grand-Prix-Sunday-9-1024x682.jpg\" alt=\"\" class=\"wp-image-979\" srcset=\"https:\/\/pilotostotal.com.ar\/web\/wp-content\/uploads\/2025\/05\/carstotal-BWT-Alpine-Formula-One-Team-2025-Formula-One-Monaco-Grand-Prix-Sunday-9-1024x682.jpg 1024w, https:\/\/pilotostotal.com.ar\/web\/wp-content\/uploads\/2025\/05\/carstotal-BWT-Alpine-Formula-One-Team-2025-Formula-One-Monaco-Grand-Prix-Sunday-9-300x200.jpg 300w, https:\/\/pilotostotal.com.ar\/web\/wp-content\/uploads\/2025\/05\/carstotal-BWT-Alpine-Formula-One-Team-2025-Formula-One-Monaco-Grand-Prix-Sunday-9-768x512.jpg 768w, https:\/\/pilotostotal.com.ar\/web\/wp-content\/uploads\/2025\/05\/carstotal-BWT-Alpine-Formula-One-Team-2025-Formula-One-Monaco-Grand-Prix-Sunday-9.jpg 1280w\" sizes=\"auto, (max-width: 1024px) 100vw, 1024px\" \/><\/a><\/figure>\n\n\n\n<figure class=\"wp-block-image size-large\"><a href=\"https:\/\/pilotostotal.com.ar\/web\/wp-content\/uploads\/2025\/05\/carstotal-BWT-Alpine-Formula-One-Team-2025-Formula-One-Monaco-Grand-Prix-Sunday-10.jpg\"><img loading=\"lazy\" decoding=\"async\" width=\"1024\" height=\"682\" data-id=\"982\" src=\"https:\/\/pilotostotal.com.ar\/web\/wp-content\/uploads\/2025\/05\/carstotal-BWT-Alpine-Formula-One-Team-2025-Formula-One-Monaco-Grand-Prix-Sunday-10-1024x682.jpg\" alt=\"\" class=\"wp-image-982\" srcset=\"https:\/\/pilotostotal.com.ar\/web\/wp-content\/uploads\/2025\/05\/carstotal-BWT-Alpine-Formula-One-Team-2025-Formula-One-Monaco-Grand-Prix-Sunday-10-1024x682.jpg 1024w, https:\/\/pilotostotal.com.ar\/web\/wp-content\/uploads\/2025\/05\/carstotal-BWT-Alpine-Formula-One-Team-2025-Formula-One-Monaco-Grand-Prix-Sunday-10-300x200.jpg 300w, https:\/\/pilotostotal.com.ar\/web\/wp-content\/uploads\/2025\/05\/carstotal-BWT-Alpine-Formula-One-Team-2025-Formula-One-Monaco-Grand-Prix-Sunday-10-768x512.jpg 768w, https:\/\/pilotostotal.com.ar\/web\/wp-content\/uploads\/2025\/05\/carstotal-BWT-Alpine-Formula-One-Team-2025-Formula-One-Monaco-Grand-Prix-Sunday-10.jpg 1280w\" sizes=\"auto, (max-width: 1024px) 100vw, 1024px\" \/><\/a><\/figure>\n\n\n\n<figure class=\"wp-block-image size-large\"><a href=\"https:\/\/pilotostotal.com.ar\/web\/wp-content\/uploads\/2025\/05\/carstotal-BWT-Alpine-Formula-One-Team-2025-Formula-One-Monaco-Grand-Prix-Sunday-11.jpg\"><img loading=\"lazy\" decoding=\"async\" width=\"1024\" height=\"682\" data-id=\"974\" src=\"https:\/\/pilotostotal.com.ar\/web\/wp-content\/uploads\/2025\/05\/carstotal-BWT-Alpine-Formula-One-Team-2025-Formula-One-Monaco-Grand-Prix-Sunday-11-1024x682.jpg\" alt=\"\" class=\"wp-image-974\" srcset=\"https:\/\/pilotostotal.com.ar\/web\/wp-content\/uploads\/2025\/05\/carstotal-BWT-Alpine-Formula-One-Team-2025-Formula-One-Monaco-Grand-Prix-Sunday-11-1024x682.jpg 1024w, https:\/\/pilotostotal.com.ar\/web\/wp-content\/uploads\/2025\/05\/carstotal-BWT-Alpine-Formula-One-Team-2025-Formula-One-Monaco-Grand-Prix-Sunday-11-300x200.jpg 300w, https:\/\/pilotostotal.com.ar\/web\/wp-content\/uploads\/2025\/05\/carstotal-BWT-Alpine-Formula-One-Team-2025-Formula-One-Monaco-Grand-Prix-Sunday-11-768x512.jpg 768w, https:\/\/pilotostotal.com.ar\/web\/wp-content\/uploads\/2025\/05\/carstotal-BWT-Alpine-Formula-One-Team-2025-Formula-One-Monaco-Grand-Prix-Sunday-11.jpg 1280w\" sizes=\"auto, (max-width: 1024px) 100vw, 1024px\" \/><\/a><\/figure>\n\n\n\n<figure class=\"wp-block-image size-large\"><a href=\"https:\/\/pilotostotal.com.ar\/web\/wp-content\/uploads\/2025\/05\/carstotal-BWT-Alpine-Formula-One-Team-2025-Formula-One-Monaco-Grand-Prix-Sunday-12.jpg\"><img loading=\"lazy\" decoding=\"async\" width=\"1024\" height=\"682\" data-id=\"975\" src=\"https:\/\/pilotostotal.com.ar\/web\/wp-content\/uploads\/2025\/05\/carstotal-BWT-Alpine-Formula-One-Team-2025-Formula-One-Monaco-Grand-Prix-Sunday-12-1024x682.jpg\" alt=\"\" class=\"wp-image-975\" srcset=\"https:\/\/pilotostotal.com.ar\/web\/wp-content\/uploads\/2025\/05\/carstotal-BWT-Alpine-Formula-One-Team-2025-Formula-One-Monaco-Grand-Prix-Sunday-12-1024x682.jpg 1024w, https:\/\/pilotostotal.com.ar\/web\/wp-content\/uploads\/2025\/05\/carstotal-BWT-Alpine-Formula-One-Team-2025-Formula-One-Monaco-Grand-Prix-Sunday-12-300x200.jpg 300w, https:\/\/pilotostotal.com.ar\/web\/wp-content\/uploads\/2025\/05\/carstotal-BWT-Alpine-Formula-One-Team-2025-Formula-One-Monaco-Grand-Prix-Sunday-12-768x512.jpg 768w, https:\/\/pilotostotal.com.ar\/web\/wp-content\/uploads\/2025\/05\/carstotal-BWT-Alpine-Formula-One-Team-2025-Formula-One-Monaco-Grand-Prix-Sunday-12.jpg 1280w\" sizes=\"auto, (max-width: 1024px) 100vw, 1024px\" \/><\/a><\/figure>\n<\/figure>\n","protected":false},"excerpt":{"rendered":"<p>Pierre Gasly:&nbsp;\u201cNunca es bueno terminar una carrera tan temprano. Obviamente, es un resultado muy frustrante&#8230;<\/p>\n","protected":false},"author":3,"featured_media":970,"comment_status":"closed","ping_status":"closed","sticky":false,"template":"","format":"standard","meta":{"_monsterinsights_skip_tracking":false,"_monsterinsights_sitenote_active":false,"_monsterinsights_sitenote_note":"","_monsterinsights_sitenote_category":0,"footnotes":""},"categories":[11],"tags":[50,12],"class_list":["post-968","post","type-post","status-publish","format-standard","has-post-thumbnail","hentry","category-formula-1","tag-alpine","tag-formula1"],"aioseo_notices":[],"_links":{"self":[{"href":"https:\/\/pilotostotal.com.ar\/web\/wp-json\/wp\/v2\/posts\/968","targetHints":{"allow":["GET"]}}],"collection":[{"href":"https:\/\/pilotostotal.com.ar\/web\/wp-json\/wp\/v2\/posts"}],"about":[{"href":"https:\/\/pilotostotal.com.ar\/web\/wp-json\/wp\/v2\/types\/post"}],"author":[{"embeddable":true,"href":"https:\/\/pilotostotal.com.ar\/web\/wp-json\/wp\/v2\/users\/3"}],"replies":[{"embeddable":true,"href":"https:\/\/pilotostotal.com.ar\/web\/wp-json\/wp\/v2\/comments?post=968"}],"version-history":[{"count":1,"href":"https:\/\/pilotostotal.com.ar\/web\/wp-json\/wp\/v2\/posts\/968\/revisions"}],"predecessor-version":[{"id":983,"href":"https:\/\/pilotostotal.com.ar\/web\/wp-json\/wp\/v2\/posts\/968\/revisions\/983"}],"wp:featuredmedia":[{"embeddable":true,"href":"https:\/\/pilotostotal.com.ar\/web\/wp-json\/wp\/v2\/media\/970"}],"wp:attachment":[{"href":"https:\/\/pilotostotal.com.ar\/web\/wp-json\/wp\/v2\/media?parent=968"}],"wp:term":[{"taxonomy":"category","embeddable":true,"href":"https:\/\/pilotostotal.com.ar\/web\/wp-json\/wp\/v2\/categories?post=968"},{"taxonomy":"post_tag","embeddable":true,"href":"https:\/\/pilotostotal.com.ar\/web\/wp-json\/wp\/v2\/tags?post=968"}],"curies":[{"name":"wp","href":"https:\/\/api.w.org\/{rel}","templated":true}]}}