{"id":984,"date":"2025-05-19T18:15:18","date_gmt":"2025-05-19T18:15:18","guid":{"rendered":"https:\/\/pilotostotal.com.ar\/web\/?p=984"},"modified":"2025-05-27T18:17:59","modified_gmt":"2025-05-27T18:17:59","slug":"franco-colapinto-en-el-gp-emilia-romagna-formula-1","status":"publish","type":"post","link":"https:\/\/pilotostotal.com.ar\/web\/franco-colapinto-en-el-gp-emilia-romagna-formula-1\/","title":{"rendered":"Franco Colapinto en el GP Emilia Romagna F\u00f3rmula 1"},"content":{"rendered":"\n<p>El argentino&nbsp;<strong>Franco Colapinto<\/strong>&nbsp;finaliz\u00f3 el fin de semana con un buen desempe\u00f1o, termin\u00f3 la carrera cuidando los neum\u00e1ticos en una mejor jornada, luego del despiste que tuvo el s\u00e1bado en la Q2 de la clasificaci\u00f3n para el gran premio.<br><br>La carrera de&nbsp;<strong>F\u00f3rmula 1<\/strong>&nbsp;del GP Emilia Romagna en el circuito de Imola fue muy emocionante hasta el final.<br><strong>Max Verstappen<\/strong>&nbsp;logr\u00f3 la punta a pocos metros de la largada con una maniobra impecable sobre Oscar Piastri, qui\u00e9n hab\u00eda partido desde la pole position.<br><strong>Max<\/strong>&nbsp;gan\u00f3 de manera contundente la carrera n\u00famero 400 para el equipo Red Bull, segundo fue&nbsp;<strong>Lando Norris<\/strong>&nbsp;y tercero&nbsp;<strong>Oscar Piastri<\/strong>, ambos con Mc Laren completando el podio. Cuarto lleg\u00f3&nbsp;<strong>Lewis Hamilton<\/strong>, Ferrari n\u00famero 44, quinto&nbsp;<strong>Alex Albon<\/strong>&nbsp;con Williams y sexto en gran carrera&nbsp;<strong>Charles Leclerc<\/strong>&nbsp;con la Ferrari n\u00famero 16.<\/p>\n\n\n\n<p><strong>Franco<\/strong>&nbsp;termin\u00f3 en el 16\u00ba puesto, en la misma posici\u00f3n que tuvo en la grilla de largada.<\/p>\n\n\n\n<p>Palabras del argentino&nbsp;<strong>Franco Colapinto<\/strong>&nbsp;luego de la carrera:<br><br><em><strong>\u201cTuvimos un buen ritmo hoy, pero no tuvimos suerte con la estrategia y, al final, no conseguimos el resultado que el equipo esperaba. Creo que el comienzo fue s\u00f3lido, el neum\u00e1tico medio dur\u00f3 bastante y est\u00e1bamos yendo a una parada hasta que sali\u00f3 el VSC unas vueltas despu\u00e9s de mi detenci\u00f3n. Eso me complic\u00f3 mucho porque ya ten\u00eda ocho vueltas en los neum\u00e1ticos duros cuando sali\u00f3 el Safety Car completo, y despu\u00e9s de eso me cost\u00f3 mantener el ritmo frente a los que pusieron neum\u00e1ticos nuevos. El auto ten\u00eda buen ritmo y aprendimos bastante, sumamos datos valiosos para el equipo. Creo que vienen pistas mejores para nosotros, especialmente M\u00f3naco. Es un lugar que exige much\u00edsima confianza. Sigo aprendiendo en cada salida a pista, as\u00ed que voy a seguir construyendo esa confianza. Tengo muchas ganas de correr el pr\u00f3ximo fin de semana.\u201d<\/strong><\/em><\/p>\n\n\n\n<p><strong>La carrera del equipo Alpine en n\u00fameros:<\/strong><\/p>\n\n\n\n<p><strong>Pierre Gasly:&nbsp;<\/strong>larg\u00f3 desde la P10 con neum\u00e1ticos medios nuevos, finaliz\u00f3 en la P13. Paradas en boxes: vuelta 9 (duros nuevos) y vuelta 29 (duros nuevos) \u2013 Vuelta m\u00e1s r\u00e1pida: 1:20.398<\/p>\n\n\n\n<p><strong>Franco<\/strong>&nbsp;<strong>Colapinto:<\/strong>&nbsp;larg\u00f3 desde la P16 con neum\u00e1ticos medios nuevos, finaliz\u00f3 en la P16. Paradas en boxes: vuelta 22 (duros nuevos) y vuelta 46 (duros nuevos) \u2013 Vuelta m\u00e1s r\u00e1pida: 1:20.345&nbsp;<\/p>\n\n\n\n<p><strong>Pierre Gasly:<\/strong>&nbsp;<\/p>\n\n\n\n<p><em><strong>\u201cEn lo personal, no estoy satisfecho con mi carrera porque comet\u00ed un error costoso y s\u00e9 que eso no deber\u00eda pasar. Tuve una buena largada, llegu\u00e9 a estar noveno y luego tuve que luchar fuerte con Charles [Leclerc]. Pens\u00e9 que pod\u00eda tomar la curva 9 yendo un poco m\u00e1s abierto mientras Charles ven\u00eda por dentro. Gir\u00e9, no tuve agarre, no hice la curva y eso me cost\u00f3 cinco posiciones. Decidimos hacer una estrategia a dos paradas, que ven\u00eda funcionando bien y probablemente \u00edbamos a pelear con los que iban a una sola. El Safety Car al final les dio a los de adelante una parada gratuita y nosotros ya no ten\u00edamos neum\u00e1ticos en buen estado para pelear por los puntos. A pesar de eso, mostramos un buen ritmo durante el fin de semana. Me sent\u00ed c\u00f3modo con el auto en clasificaci\u00f3n. Sabemos lo importante que es la qualy la pr\u00f3xima semana [en M\u00f3naco] y espero que podamos aprovechar nuestros puntos fuertes.\u201d<\/strong><\/em><\/p>\n\n\n\n<p><strong>Flavio Briatore:<\/strong>&nbsp;<\/p>\n\n\n\n<p><em><strong>\u201cEst\u00e1bamos encaminados a un buen resultado hoy y ten\u00edamos chances de sumar puntos antes del Virtual Safety Car. Especialmente con Franco, plane\u00e1bamos una estrategia a una parada hasta el final, pero con la neutralizaci\u00f3n del pelot\u00f3n, los pilotos de adelante tuvieron una gran chance realizar paradas en los boxes sin afectar sus posiciones. Son cosas que pasan en las carreras, y la clasificaci\u00f3n final no refleja d\u00f3nde podr\u00edamos haber terminado hoy. Ahora vamos a M\u00f3naco, uno de mis Grandes Premios de casa, y una pista donde volveremos a tener la oportunidad de competir.\u201d<\/strong><\/em><\/p>\n\n\n\n<p><\/p>\n\n\n\n<p><\/p>\n\n\n\n<figure class=\"wp-block-gallery has-nested-images columns-2 is-cropped wp-block-gallery-1 is-layout-flex wp-block-gallery-is-layout-flex\">\n<figure class=\"wp-block-image size-large\"><a href=\"https:\/\/pilotostotal.com.ar\/web\/wp-content\/uploads\/2025\/05\/carstotal-BWT-Alpine-Formula-One-Team-2025-Formula-One-Emilia-Romagna-Grand-Prix-Imola-1-1.jpg\"><img loading=\"lazy\" decoding=\"async\" width=\"1024\" height=\"576\" data-id=\"987\" src=\"https:\/\/pilotostotal.com.ar\/web\/wp-content\/uploads\/2025\/05\/carstotal-BWT-Alpine-Formula-One-Team-2025-Formula-One-Emilia-Romagna-Grand-Prix-Imola-1-1-1024x576.jpg\" alt=\"\" class=\"wp-image-987\" srcset=\"https:\/\/pilotostotal.com.ar\/web\/wp-content\/uploads\/2025\/05\/carstotal-BWT-Alpine-Formula-One-Team-2025-Formula-One-Emilia-Romagna-Grand-Prix-Imola-1-1-1024x576.jpg 1024w, https:\/\/pilotostotal.com.ar\/web\/wp-content\/uploads\/2025\/05\/carstotal-BWT-Alpine-Formula-One-Team-2025-Formula-One-Emilia-Romagna-Grand-Prix-Imola-1-1-300x169.jpg 300w, https:\/\/pilotostotal.com.ar\/web\/wp-content\/uploads\/2025\/05\/carstotal-BWT-Alpine-Formula-One-Team-2025-Formula-One-Emilia-Romagna-Grand-Prix-Imola-1-1-768x432.jpg 768w, https:\/\/pilotostotal.com.ar\/web\/wp-content\/uploads\/2025\/05\/carstotal-BWT-Alpine-Formula-One-Team-2025-Formula-One-Emilia-Romagna-Grand-Prix-Imola-1-1.jpg 1280w\" sizes=\"auto, (max-width: 1024px) 100vw, 1024px\" \/><\/a><\/figure>\n\n\n\n<figure class=\"wp-block-image size-large\"><a href=\"https:\/\/pilotostotal.com.ar\/web\/wp-content\/uploads\/2025\/05\/carstotal-BWT-Alpine-Formula-One-Team-2025-Formula-One-Emilia-Romagna-Grand-Prix-Imola-2.jpg\"><img loading=\"lazy\" decoding=\"async\" width=\"1024\" height=\"682\" data-id=\"991\" src=\"https:\/\/pilotostotal.com.ar\/web\/wp-content\/uploads\/2025\/05\/carstotal-BWT-Alpine-Formula-One-Team-2025-Formula-One-Emilia-Romagna-Grand-Prix-Imola-2-1024x682.jpg\" alt=\"\" class=\"wp-image-991\" srcset=\"https:\/\/pilotostotal.com.ar\/web\/wp-content\/uploads\/2025\/05\/carstotal-BWT-Alpine-Formula-One-Team-2025-Formula-One-Emilia-Romagna-Grand-Prix-Imola-2-1024x682.jpg 1024w, https:\/\/pilotostotal.com.ar\/web\/wp-content\/uploads\/2025\/05\/carstotal-BWT-Alpine-Formula-One-Team-2025-Formula-One-Emilia-Romagna-Grand-Prix-Imola-2-300x200.jpg 300w, https:\/\/pilotostotal.com.ar\/web\/wp-content\/uploads\/2025\/05\/carstotal-BWT-Alpine-Formula-One-Team-2025-Formula-One-Emilia-Romagna-Grand-Prix-Imola-2-768x512.jpg 768w, https:\/\/pilotostotal.com.ar\/web\/wp-content\/uploads\/2025\/05\/carstotal-BWT-Alpine-Formula-One-Team-2025-Formula-One-Emilia-Romagna-Grand-Prix-Imola-2.jpg 1280w\" sizes=\"auto, (max-width: 1024px) 100vw, 1024px\" \/><\/a><\/figure>\n\n\n\n<figure class=\"wp-block-image size-large\"><a href=\"https:\/\/pilotostotal.com.ar\/web\/wp-content\/uploads\/2025\/05\/carstotal-BWT-Alpine-Formula-One-Team-2025-Formula-One-Emilia-Romagna-Grand-Prix-Imola-3.jpg\"><img loading=\"lazy\" decoding=\"async\" width=\"1024\" height=\"634\" data-id=\"989\" src=\"https:\/\/pilotostotal.com.ar\/web\/wp-content\/uploads\/2025\/05\/carstotal-BWT-Alpine-Formula-One-Team-2025-Formula-One-Emilia-Romagna-Grand-Prix-Imola-3-1024x634.jpg\" alt=\"\" class=\"wp-image-989\" srcset=\"https:\/\/pilotostotal.com.ar\/web\/wp-content\/uploads\/2025\/05\/carstotal-BWT-Alpine-Formula-One-Team-2025-Formula-One-Emilia-Romagna-Grand-Prix-Imola-3-1024x634.jpg 1024w, https:\/\/pilotostotal.com.ar\/web\/wp-content\/uploads\/2025\/05\/carstotal-BWT-Alpine-Formula-One-Team-2025-Formula-One-Emilia-Romagna-Grand-Prix-Imola-3-300x186.jpg 300w, https:\/\/pilotostotal.com.ar\/web\/wp-content\/uploads\/2025\/05\/carstotal-BWT-Alpine-Formula-One-Team-2025-Formula-One-Emilia-Romagna-Grand-Prix-Imola-3-768x475.jpg 768w, https:\/\/pilotostotal.com.ar\/web\/wp-content\/uploads\/2025\/05\/carstotal-BWT-Alpine-Formula-One-Team-2025-Formula-One-Emilia-Romagna-Grand-Prix-Imola-3.jpg 1280w\" sizes=\"auto, (max-width: 1024px) 100vw, 1024px\" \/><\/a><\/figure>\n\n\n\n<figure class=\"wp-block-image size-large\"><a href=\"https:\/\/pilotostotal.com.ar\/web\/wp-content\/uploads\/2025\/05\/carstotal-BWT-Alpine-Formula-One-Team-2025-Formula-One-Emilia-Romagna-Grand-Prix-Imola-4.jpg\"><img loading=\"lazy\" decoding=\"async\" width=\"1024\" height=\"682\" data-id=\"988\" src=\"https:\/\/pilotostotal.com.ar\/web\/wp-content\/uploads\/2025\/05\/carstotal-BWT-Alpine-Formula-One-Team-2025-Formula-One-Emilia-Romagna-Grand-Prix-Imola-4-1024x682.jpg\" alt=\"\" class=\"wp-image-988\" srcset=\"https:\/\/pilotostotal.com.ar\/web\/wp-content\/uploads\/2025\/05\/carstotal-BWT-Alpine-Formula-One-Team-2025-Formula-One-Emilia-Romagna-Grand-Prix-Imola-4-1024x682.jpg 1024w, https:\/\/pilotostotal.com.ar\/web\/wp-content\/uploads\/2025\/05\/carstotal-BWT-Alpine-Formula-One-Team-2025-Formula-One-Emilia-Romagna-Grand-Prix-Imola-4-300x200.jpg 300w, https:\/\/pilotostotal.com.ar\/web\/wp-content\/uploads\/2025\/05\/carstotal-BWT-Alpine-Formula-One-Team-2025-Formula-One-Emilia-Romagna-Grand-Prix-Imola-4-768x512.jpg 768w, https:\/\/pilotostotal.com.ar\/web\/wp-content\/uploads\/2025\/05\/carstotal-BWT-Alpine-Formula-One-Team-2025-Formula-One-Emilia-Romagna-Grand-Prix-Imola-4.jpg 1280w\" sizes=\"auto, (max-width: 1024px) 100vw, 1024px\" \/><\/a><\/figure>\n\n\n\n<figure class=\"wp-block-image size-large\"><a href=\"https:\/\/pilotostotal.com.ar\/web\/wp-content\/uploads\/2025\/05\/carstotal-BWT-Alpine-Formula-One-Team-2025-Formula-One-Emilia-Romagna-Grand-Prix-Imola-5.jpg\"><img loading=\"lazy\" decoding=\"async\" width=\"1024\" height=\"696\" data-id=\"990\" src=\"https:\/\/pilotostotal.com.ar\/web\/wp-content\/uploads\/2025\/05\/carstotal-BWT-Alpine-Formula-One-Team-2025-Formula-One-Emilia-Romagna-Grand-Prix-Imola-5-1024x696.jpg\" alt=\"\" class=\"wp-image-990\" srcset=\"https:\/\/pilotostotal.com.ar\/web\/wp-content\/uploads\/2025\/05\/carstotal-BWT-Alpine-Formula-One-Team-2025-Formula-One-Emilia-Romagna-Grand-Prix-Imola-5-1024x696.jpg 1024w, https:\/\/pilotostotal.com.ar\/web\/wp-content\/uploads\/2025\/05\/carstotal-BWT-Alpine-Formula-One-Team-2025-Formula-One-Emilia-Romagna-Grand-Prix-Imola-5-300x204.jpg 300w, https:\/\/pilotostotal.com.ar\/web\/wp-content\/uploads\/2025\/05\/carstotal-BWT-Alpine-Formula-One-Team-2025-Formula-One-Emilia-Romagna-Grand-Prix-Imola-5-768x522.jpg 768w, https:\/\/pilotostotal.com.ar\/web\/wp-content\/uploads\/2025\/05\/carstotal-BWT-Alpine-Formula-One-Team-2025-Formula-One-Emilia-Romagna-Grand-Prix-Imola-5.jpg 1280w\" sizes=\"auto, (max-width: 1024px) 100vw, 1024px\" \/><\/a><\/figure>\n\n\n\n<figure class=\"wp-block-image size-large\"><a href=\"https:\/\/pilotostotal.com.ar\/web\/wp-content\/uploads\/2025\/05\/carstotal-BWT-Alpine-Formula-One-Team-2025-Formula-One-Emilia-Romagna-Grand-Prix-Imola-6.jpg\"><img loading=\"lazy\" decoding=\"async\" width=\"1024\" height=\"682\" data-id=\"986\" src=\"https:\/\/pilotostotal.com.ar\/web\/wp-content\/uploads\/2025\/05\/carstotal-BWT-Alpine-Formula-One-Team-2025-Formula-One-Emilia-Romagna-Grand-Prix-Imola-6-1024x682.jpg\" alt=\"\" class=\"wp-image-986\" srcset=\"https:\/\/pilotostotal.com.ar\/web\/wp-content\/uploads\/2025\/05\/carstotal-BWT-Alpine-Formula-One-Team-2025-Formula-One-Emilia-Romagna-Grand-Prix-Imola-6-1024x682.jpg 1024w, https:\/\/pilotostotal.com.ar\/web\/wp-content\/uploads\/2025\/05\/carstotal-BWT-Alpine-Formula-One-Team-2025-Formula-One-Emilia-Romagna-Grand-Prix-Imola-6-300x200.jpg 300w, https:\/\/pilotostotal.com.ar\/web\/wp-content\/uploads\/2025\/05\/carstotal-BWT-Alpine-Formula-One-Team-2025-Formula-One-Emilia-Romagna-Grand-Prix-Imola-6-768x512.jpg 768w, https:\/\/pilotostotal.com.ar\/web\/wp-content\/uploads\/2025\/05\/carstotal-BWT-Alpine-Formula-One-Team-2025-Formula-One-Emilia-Romagna-Grand-Prix-Imola-6.jpg 1280w\" sizes=\"auto, (max-width: 1024px) 100vw, 1024px\" \/><\/a><\/figure>\n\n\n\n<figure class=\"wp-block-image size-large\"><a href=\"https:\/\/pilotostotal.com.ar\/web\/wp-content\/uploads\/2025\/05\/carstotal-BWT-Alpine-Formula-One-Team-2025-Formula-One-Emilia-Romagna-Grand-Prix-Imola-7.jpg\"><img loading=\"lazy\" decoding=\"async\" width=\"1024\" height=\"683\" data-id=\"992\" src=\"https:\/\/pilotostotal.com.ar\/web\/wp-content\/uploads\/2025\/05\/carstotal-BWT-Alpine-Formula-One-Team-2025-Formula-One-Emilia-Romagna-Grand-Prix-Imola-7-1024x683.jpg\" alt=\"\" class=\"wp-image-992\" srcset=\"https:\/\/pilotostotal.com.ar\/web\/wp-content\/uploads\/2025\/05\/carstotal-BWT-Alpine-Formula-One-Team-2025-Formula-One-Emilia-Romagna-Grand-Prix-Imola-7-1024x683.jpg 1024w, https:\/\/pilotostotal.com.ar\/web\/wp-content\/uploads\/2025\/05\/carstotal-BWT-Alpine-Formula-One-Team-2025-Formula-One-Emilia-Romagna-Grand-Prix-Imola-7-300x200.jpg 300w, https:\/\/pilotostotal.com.ar\/web\/wp-content\/uploads\/2025\/05\/carstotal-BWT-Alpine-Formula-One-Team-2025-Formula-One-Emilia-Romagna-Grand-Prix-Imola-7-768x512.jpg 768w, https:\/\/pilotostotal.com.ar\/web\/wp-content\/uploads\/2025\/05\/carstotal-BWT-Alpine-Formula-One-Team-2025-Formula-One-Emilia-Romagna-Grand-Prix-Imola-7.jpg 1280w\" sizes=\"auto, (max-width: 1024px) 100vw, 1024px\" \/><\/a><\/figure>\n<\/figure>\n","protected":false},"excerpt":{"rendered":"<p>El argentino&nbsp;Franco Colapinto&nbsp;finaliz\u00f3 el fin de semana con un buen desempe\u00f1o, termin\u00f3 la carrera cuidando&#8230;<\/p>\n","protected":false},"author":3,"featured_media":985,"comment_status":"closed","ping_status":"closed","sticky":false,"template":"","format":"standard","meta":{"_monsterinsights_skip_tracking":false,"_monsterinsights_sitenote_active":false,"_monsterinsights_sitenote_note":"","_monsterinsights_sitenote_category":0,"footnotes":""},"categories":[11],"tags":[50,12],"class_list":["post-984","post","type-post","status-publish","format-standard","has-post-thumbnail","hentry","category-formula-1","tag-alpine","tag-formula1"],"aioseo_notices":[],"_links":{"self":[{"href":"https:\/\/pilotostotal.com.ar\/web\/wp-json\/wp\/v2\/posts\/984","targetHints":{"allow":["GET"]}}],"collection":[{"href":"https:\/\/pilotostotal.com.ar\/web\/wp-json\/wp\/v2\/posts"}],"about":[{"href":"https:\/\/pilotostotal.com.ar\/web\/wp-json\/wp\/v2\/types\/post"}],"author":[{"embeddable":true,"href":"https:\/\/pilotostotal.com.ar\/web\/wp-json\/wp\/v2\/users\/3"}],"replies":[{"embeddable":true,"href":"https:\/\/pilotostotal.com.ar\/web\/wp-json\/wp\/v2\/comments?post=984"}],"version-history":[{"count":1,"href":"https:\/\/pilotostotal.com.ar\/web\/wp-json\/wp\/v2\/posts\/984\/revisions"}],"predecessor-version":[{"id":993,"href":"https:\/\/pilotostotal.com.ar\/web\/wp-json\/wp\/v2\/posts\/984\/revisions\/993"}],"wp:featuredmedia":[{"embeddable":true,"href":"https:\/\/pilotostotal.com.ar\/web\/wp-json\/wp\/v2\/media\/985"}],"wp:attachment":[{"href":"https:\/\/pilotostotal.com.ar\/web\/wp-json\/wp\/v2\/media?parent=984"}],"wp:term":[{"taxonomy":"category","embeddable":true,"href":"https:\/\/pilotostotal.com.ar\/web\/wp-json\/wp\/v2\/categories?post=984"},{"taxonomy":"post_tag","embeddable":true,"href":"https:\/\/pilotostotal.com.ar\/web\/wp-json\/wp\/v2\/tags?post=984"}],"curies":[{"name":"wp","href":"https:\/\/api.w.org\/{rel}","templated":true}]}}